{"id":14261,"date":"2024-03-11T10:07:37","date_gmt":"2024-03-11T08:07:37","guid":{"rendered":"https:\/\/novessendes.org\/empieza-un-activem-betxi-2024-alentador\/"},"modified":"2024-03-11T10:24:52","modified_gmt":"2024-03-11T08:24:52","slug":"empieza-un-activem-betxi-2024-alentador","status":"publish","type":"post","link":"https:\/\/novessendes.org\/es\/empieza-un-activem-betxi-2024-alentador\/","title":{"rendered":"Empieza un Activem Betx\u00ed 2024 alentador"},"content":{"rendered":"\n<p>Con m\u00e1s recursos y proyectos que nunca, esta 10.\u00aa convocatoria de proyectos del <em>Ayuntamiento de Betx\u00ed<\/em> y la <em>Fundaci\u00f3n Novessendes <\/em>empieza su programa con la reuni\u00f3n de las representantes de cada proyecto para generar sinergias durante su desarrollo a lo largo del a\u00f1o. De este encuentro, que tuvo lugar en el Centro C\u00edvico de la Fundaci\u00f3n el pasado martes 5 de marzo, sali\u00f3 tambi\u00e9n la necesidad de coordinar las diferentes iniciativas para facilitar su comunicaci\u00f3n y organizaci\u00f3n, as\u00ed como para garantizar el \u00e9xito y repercusi\u00f3n de cada uno de los proyectos.<\/p>\n\n<p>Entre los proyectos hay que destacar el arraigo social y cultural que ya tienen proyectos como el <em>BAC<\/em> (Betx\u00ed Art Comprom\u00e9s) y la revista mensual <em>Som Betx\u00ed<\/em>, o la capacidad de movilizaci\u00f3n y convocatoria del colectivo de amas de casa que este a\u00f1o engalanar\u00e1n nuestras plazas y calles. Por otro lado, proyectos como el Estudio Etnobot\u00e1nico de la<em>Associaci\u00f3n Connecta Natura<\/em>, los talleres de variedades tradicionales de la<em>ONG Pankara<\/em>, las conversaciones en torno al r\u00edo del colectivo <em>Amane Mneme<\/em>, el hermanamiento del Grupo deportivo de senderismo o los trabajos para valorar y conocer mejor las aves, realzar\u00e1n nuestro paisaje, la agricultura tradicional y los valores ambientales que configuran este entorno habitado. Adem\u00e1s, hay que resaltar el fuerte car\u00e1cter transformador cultural y educativamente, que tienen propuestas como las del <em>Grupo de Ajedrez<\/em>, las jornadas de Cine o los diferentes proyectos que complementar\u00e1n la formaci\u00f3n que ofrece la comunidad educativa local. Estos son: el grupo de debate del IES, el impulso de la Red de libros, <em>ADATAU<\/em> trabajando por la construcci\u00f3n de un IES m\u00e1s inclusivo y seguro, las jornadas educativas de arriba abajo en coordinaci\u00f3n con los cuatro centros formativos (Pequelar, escuela, instituto y escuela de adultos) y el aprovechamiento del taller de Imprenta vinculado a la Formaci\u00f3n Profesional de Artes Gr\u00e1ficas.<\/p>\n\n<p>Esta es, por lo tanto, una convocatoria con voces plurales y proyectos de diferentes escalas, que en transversal supondr\u00e1n una combinaci\u00f3n capaz de remover la poblaci\u00f3n y generar actividades de antemano con capacidad de fortalecer el tejido comunitario local. Para, a trav\u00e9s de la realizaci\u00f3n de estas actividades y la participaci\u00f3n activa de la sociedad, impulsar su desarrollo cultural.<\/p>\n\n<figure class=\"wp-block-gallery has-nested-images columns-default is-cropped wp-block-gallery-1 is-layout-flex wp-block-gallery-is-layout-flex\">\n<figure class=\"wp-block-image size-large\"><img loading=\"lazy\" decoding=\"async\" width=\"1024\" height=\"768\" data-id=\"14258\" src=\"https:\/\/novessendes.org\/wp-content\/uploads\/2024\/03\/image00006-1024x768.jpeg\" alt=\"\" class=\"wp-image-14258\" srcset=\"https:\/\/novessendes.org\/wp-content\/uploads\/2024\/03\/image00006-1024x768.jpeg 1024w, https:\/\/novessendes.org\/wp-content\/uploads\/2024\/03\/image00006-300x225.jpeg 300w, https:\/\/novessendes.org\/wp-content\/uploads\/2024\/03\/image00006-768x576.jpeg 768w, https:\/\/novessendes.org\/wp-content\/uploads\/2024\/03\/image00006-1536x1152.jpeg 1536w, https:\/\/novessendes.org\/wp-content\/uploads\/2024\/03\/image00006-2048x1536.jpeg 2048w\" sizes=\"auto, (max-width: 1024px) 100vw, 1024px\" \/><\/figure>\n\n\n\n<figure class=\"wp-block-image size-large\"><img loading=\"lazy\" decoding=\"async\" width=\"1024\" height=\"768\" data-id=\"14255\" src=\"https:\/\/novessendes.org\/wp-content\/uploads\/2024\/03\/image00013-1024x768.jpeg\" alt=\"\" class=\"wp-image-14255\" srcset=\"https:\/\/novessendes.org\/wp-content\/uploads\/2024\/03\/image00013-1024x768.jpeg 1024w, https:\/\/novessendes.org\/wp-content\/uploads\/2024\/03\/image00013-300x225.jpeg 300w, https:\/\/novessendes.org\/wp-content\/uploads\/2024\/03\/image00013-768x576.jpeg 768w, https:\/\/novessendes.org\/wp-content\/uploads\/2024\/03\/image00013-1536x1152.jpeg 1536w, https:\/\/novessendes.org\/wp-content\/uploads\/2024\/03\/image00013-2048x1536.jpeg 2048w\" sizes=\"auto, (max-width: 1024px) 100vw, 1024px\" \/><\/figure>\n\n\n\n<figure class=\"wp-block-image size-large\"><img loading=\"lazy\" decoding=\"async\" width=\"1024\" height=\"768\" data-id=\"14252\" src=\"https:\/\/novessendes.org\/wp-content\/uploads\/2024\/03\/image00021-1024x768.jpeg\" alt=\"\" class=\"wp-image-14252\" srcset=\"https:\/\/novessendes.org\/wp-content\/uploads\/2024\/03\/image00021-1024x768.jpeg 1024w, https:\/\/novessendes.org\/wp-content\/uploads\/2024\/03\/image00021-300x225.jpeg 300w, https:\/\/novessendes.org\/wp-content\/uploads\/2024\/03\/image00021-768x576.jpeg 768w, https:\/\/novessendes.org\/wp-content\/uploads\/2024\/03\/image00021-1536x1152.jpeg 1536w, https:\/\/novessendes.org\/wp-content\/uploads\/2024\/03\/image00021-2048x1536.jpeg 2048w\" sizes=\"auto, (max-width: 1024px) 100vw, 1024px\" \/><\/figure>\n\n\n\n<figure class=\"wp-block-image size-large\"><img loading=\"lazy\" decoding=\"async\" width=\"1024\" height=\"768\" data-id=\"14254\" src=\"https:\/\/novessendes.org\/wp-content\/uploads\/2024\/03\/image00026-1024x768.jpeg\" alt=\"\" class=\"wp-image-14254\" srcset=\"https:\/\/novessendes.org\/wp-content\/uploads\/2024\/03\/image00026-1024x768.jpeg 1024w, https:\/\/novessendes.org\/wp-content\/uploads\/2024\/03\/image00026-300x225.jpeg 300w, https:\/\/novessendes.org\/wp-content\/uploads\/2024\/03\/image00026-768x576.jpeg 768w, https:\/\/novessendes.org\/wp-content\/uploads\/2024\/03\/image00026-1536x1152.jpeg 1536w, https:\/\/novessendes.org\/wp-content\/uploads\/2024\/03\/image00026-2048x1536.jpeg 2048w\" sizes=\"auto, (max-width: 1024px) 100vw, 1024px\" \/><\/figure>\n<\/figure>\n","protected":false},"excerpt":{"rendered":"<p>Con m\u00e1s recursos y proyectos que nunca, esta 10.\u00aa convocatoria de proyectos del Ayuntamiento de Betx\u00ed y la Fundaci\u00f3n Novessendes empieza su programa con la reuni\u00f3n de las representantes de cada proyecto para generar sinergias durante su desarrollo a lo largo del a\u00f1o. De este encuentro, que tuvo lugar en el Centro C\u00edvico de la [&hellip;]<\/p>\n","protected":false},"author":8,"featured_media":14251,"comment_status":"open","ping_status":"open","sticky":true,"template":"","format":"standard","meta":{"give_campaign_id":0,"footnotes":""},"categories":[319,322,317,321],"tags":[],"class_list":["post-14261","post","type-post","status-publish","format-standard","has-post-thumbnail","hentry","category-activem-betxi-es","category-centre-civic","category-participacion-ciutadana","category-voluntariado"],"yoast_head":"<!-- This site is optimized with the Yoast SEO plugin v27.0 - https:\/\/yoast.com\/product\/yoast-seo-wordpress\/ -->\n<title>Empieza un Activem Betx\u00ed 2024 alentador - Novessendes<\/title>\n<meta name=\"robots\" content=\"index, follow, max-snippet:-1, max-image-preview:large, max-video-preview:-1\" \/>\n<link rel=\"canonical\" href=\"https:\/\/novessendes.org\/es\/empieza-un-activem-betxi-2024-alentador\/\" \/>\n<meta property=\"og:locale\" content=\"es_ES\" \/>\n<meta property=\"og:type\" content=\"article\" \/>\n<meta property=\"og:title\" content=\"Empieza un Activem Betx\u00ed 2024 alentador - Novessendes\" \/>\n<meta property=\"og:description\" content=\"Con m\u00e1s recursos y proyectos que nunca, esta 10.\u00aa convocatoria de proyectos del Ayuntamiento de Betx\u00ed y la Fundaci\u00f3n Novessendes empieza su programa con la reuni\u00f3n de las representantes de cada proyecto para generar sinergias durante su desarrollo a lo largo del a\u00f1o. De este encuentro, que tuvo lugar en el Centro C\u00edvico de la [&hellip;]\" \/>\n<meta property=\"og:url\" content=\"https:\/\/novessendes.org\/es\/empieza-un-activem-betxi-2024-alentador\/\" \/>\n<meta property=\"og:site_name\" content=\"Novessendes\" \/>\n<meta property=\"article:published_time\" content=\"2024-03-11T08:07:37+00:00\" \/>\n<meta property=\"article:modified_time\" content=\"2024-03-11T08:24:52+00:00\" \/>\n<meta property=\"og:image\" content=\"https:\/\/novessendes.org\/wp-content\/uploads\/2024\/03\/image00003-scaled.jpeg\" \/>\n\t<meta property=\"og:image:width\" content=\"2560\" \/>\n\t<meta property=\"og:image:height\" content=\"1920\" \/>\n\t<meta property=\"og:image:type\" content=\"image\/jpeg\" \/>\n<meta name=\"author\" content=\"Admin Novessendes\" \/>\n<meta name=\"twitter:card\" content=\"summary_large_image\" \/>\n<meta name=\"twitter:label1\" content=\"Escrito por\" \/>\n\t<meta name=\"twitter:data1\" content=\"Admin Novessendes\" \/>\n\t<meta name=\"twitter:label2\" content=\"Tiempo de lectura\" \/>\n\t<meta name=\"twitter:data2\" content=\"2 minutos\" \/>\n<script type=\"application\/ld+json\" class=\"yoast-schema-graph\">{\"@context\":\"https:\/\/schema.org\",\"@graph\":[{\"@type\":\"Article\",\"@id\":\"https:\/\/novessendes.org\/es\/empieza-un-activem-betxi-2024-alentador\/#article\",\"isPartOf\":{\"@id\":\"https:\/\/novessendes.org\/es\/empieza-un-activem-betxi-2024-alentador\/\"},\"author\":{\"name\":\"Admin Novessendes\",\"@id\":\"https:\/\/novessendes.org\/es\/#\/schema\/person\/5b688f9bdc96e66d067e94b8675dd027\"},\"headline\":\"Empieza un Activem Betx\u00ed 2024 alentador\",\"datePublished\":\"2024-03-11T08:07:37+00:00\",\"dateModified\":\"2024-03-11T08:24:52+00:00\",\"mainEntityOfPage\":{\"@id\":\"https:\/\/novessendes.org\/es\/empieza-un-activem-betxi-2024-alentador\/\"},\"wordCount\":396,\"commentCount\":0,\"publisher\":{\"@id\":\"https:\/\/novessendes.org\/es\/#organization\"},\"image\":{\"@id\":\"https:\/\/novessendes.org\/es\/empieza-un-activem-betxi-2024-alentador\/#primaryimage\"},\"thumbnailUrl\":\"https:\/\/novessendes.org\/wp-content\/uploads\/2024\/03\/image00003-scaled.jpeg\",\"articleSection\":[\"Activem Betx\u00ed\",\"Centre C\u00edvic\",\"Participaci\u00f3n ciutadana\",\"Voluntariado\"],\"inLanguage\":\"es\",\"potentialAction\":[{\"@type\":\"CommentAction\",\"name\":\"Comment\",\"target\":[\"https:\/\/novessendes.org\/es\/empieza-un-activem-betxi-2024-alentador\/#respond\"]}]},{\"@type\":\"WebPage\",\"@id\":\"https:\/\/novessendes.org\/es\/empieza-un-activem-betxi-2024-alentador\/\",\"url\":\"https:\/\/novessendes.org\/es\/empieza-un-activem-betxi-2024-alentador\/\",\"name\":\"Empieza un Activem Betx\u00ed 2024 alentador - Novessendes\",\"isPartOf\":{\"@id\":\"https:\/\/novessendes.org\/es\/#website\"},\"primaryImageOfPage\":{\"@id\":\"https:\/\/novessendes.org\/es\/empieza-un-activem-betxi-2024-alentador\/#primaryimage\"},\"image\":{\"@id\":\"https:\/\/novessendes.org\/es\/empieza-un-activem-betxi-2024-alentador\/#primaryimage\"},\"thumbnailUrl\":\"https:\/\/novessendes.org\/wp-content\/uploads\/2024\/03\/image00003-scaled.jpeg\",\"datePublished\":\"2024-03-11T08:07:37+00:00\",\"dateModified\":\"2024-03-11T08:24:52+00:00\",\"breadcrumb\":{\"@id\":\"https:\/\/novessendes.org\/es\/empieza-un-activem-betxi-2024-alentador\/#breadcrumb\"},\"inLanguage\":\"es\",\"potentialAction\":[{\"@type\":\"ReadAction\",\"target\":[\"https:\/\/novessendes.org\/es\/empieza-un-activem-betxi-2024-alentador\/\"]}]},{\"@type\":\"ImageObject\",\"inLanguage\":\"es\",\"@id\":\"https:\/\/novessendes.org\/es\/empieza-un-activem-betxi-2024-alentador\/#primaryimage\",\"url\":\"https:\/\/novessendes.org\/wp-content\/uploads\/2024\/03\/image00003-scaled.jpeg\",\"contentUrl\":\"https:\/\/novessendes.org\/wp-content\/uploads\/2024\/03\/image00003-scaled.jpeg\",\"width\":2560,\"height\":1920},{\"@type\":\"BreadcrumbList\",\"@id\":\"https:\/\/novessendes.org\/es\/empieza-un-activem-betxi-2024-alentador\/#breadcrumb\",\"itemListElement\":[{\"@type\":\"ListItem\",\"position\":1,\"name\":\"Portada\",\"item\":\"https:\/\/novessendes.org\/es\/\"},{\"@type\":\"ListItem\",\"position\":2,\"name\":\"Empieza un Activem Betx\u00ed 2024 alentador\"}]},{\"@type\":\"WebSite\",\"@id\":\"https:\/\/novessendes.org\/es\/#website\",\"url\":\"https:\/\/novessendes.org\/es\/\",\"name\":\"Novessendes\",\"description\":\"Fundaci\u00f3 c\u00edvica Novessendes per millorar el benestar i progr\u00e9s dels ciutadans\",\"publisher\":{\"@id\":\"https:\/\/novessendes.org\/es\/#organization\"},\"potentialAction\":[{\"@type\":\"SearchAction\",\"target\":{\"@type\":\"EntryPoint\",\"urlTemplate\":\"https:\/\/novessendes.org\/es\/?s={search_term_string}\"},\"query-input\":{\"@type\":\"PropertyValueSpecification\",\"valueRequired\":true,\"valueName\":\"search_term_string\"}}],\"inLanguage\":\"es\"},{\"@type\":\"Organization\",\"@id\":\"https:\/\/novessendes.org\/es\/#organization\",\"name\":\"Novessendes\",\"url\":\"https:\/\/novessendes.org\/es\/\",\"logo\":{\"@type\":\"ImageObject\",\"inLanguage\":\"es\",\"@id\":\"https:\/\/novessendes.org\/es\/#\/schema\/logo\/image\/\",\"url\":\"https:\/\/novessendes.org\/wp-content\/uploads\/2020\/09\/logo-novessendes.png\",\"contentUrl\":\"https:\/\/novessendes.org\/wp-content\/uploads\/2020\/09\/logo-novessendes.png\",\"width\":160,\"height\":80,\"caption\":\"Novessendes\"},\"image\":{\"@id\":\"https:\/\/novessendes.org\/es\/#\/schema\/logo\/image\/\"}},{\"@type\":\"Person\",\"@id\":\"https:\/\/novessendes.org\/es\/#\/schema\/person\/5b688f9bdc96e66d067e94b8675dd027\",\"name\":\"Admin Novessendes\",\"image\":{\"@type\":\"ImageObject\",\"inLanguage\":\"es\",\"@id\":\"https:\/\/novessendes.org\/es\/#\/schema\/person\/image\/\",\"url\":\"https:\/\/secure.gravatar.com\/avatar\/f570170ef07d772c0214ae16f4bd012de5204cd9026ce193e78683d57262b91a?s=96&d=mm&r=g\",\"contentUrl\":\"https:\/\/secure.gravatar.com\/avatar\/f570170ef07d772c0214ae16f4bd012de5204cd9026ce193e78683d57262b91a?s=96&d=mm&r=g\",\"caption\":\"Admin Novessendes\"},\"sameAs\":[\"http:\/\/novessendes.org\"],\"url\":\"https:\/\/novessendes.org\/es\/author\/admin-novessendes\/\"}]}<\/script>\n<!-- \/ Yoast SEO plugin. -->","yoast_head_json":{"title":"Empieza un Activem Betx\u00ed 2024 alentador - Novessendes","robots":{"index":"index","follow":"follow","max-snippet":"max-snippet:-1","max-image-preview":"max-image-preview:large","max-video-preview":"max-video-preview:-1"},"canonical":"https:\/\/novessendes.org\/es\/empieza-un-activem-betxi-2024-alentador\/","og_locale":"es_ES","og_type":"article","og_title":"Empieza un Activem Betx\u00ed 2024 alentador - Novessendes","og_description":"Con m\u00e1s recursos y proyectos que nunca, esta 10.\u00aa convocatoria de proyectos del Ayuntamiento de Betx\u00ed y la Fundaci\u00f3n Novessendes empieza su programa con la reuni\u00f3n de las representantes de cada proyecto para generar sinergias durante su desarrollo a lo largo del a\u00f1o. De este encuentro, que tuvo lugar en el Centro C\u00edvico de la [&hellip;]","og_url":"https:\/\/novessendes.org\/es\/empieza-un-activem-betxi-2024-alentador\/","og_site_name":"Novessendes","article_published_time":"2024-03-11T08:07:37+00:00","article_modified_time":"2024-03-11T08:24:52+00:00","og_image":[{"width":2560,"height":1920,"url":"https:\/\/novessendes.org\/wp-content\/uploads\/2024\/03\/image00003-scaled.jpeg","type":"image\/jpeg"}],"author":"Admin Novessendes","twitter_card":"summary_large_image","twitter_misc":{"Escrito por":"Admin Novessendes","Tiempo de lectura":"2 minutos"},"schema":{"@context":"https:\/\/schema.org","@graph":[{"@type":"Article","@id":"https:\/\/novessendes.org\/es\/empieza-un-activem-betxi-2024-alentador\/#article","isPartOf":{"@id":"https:\/\/novessendes.org\/es\/empieza-un-activem-betxi-2024-alentador\/"},"author":{"name":"Admin Novessendes","@id":"https:\/\/novessendes.org\/es\/#\/schema\/person\/5b688f9bdc96e66d067e94b8675dd027"},"headline":"Empieza un Activem Betx\u00ed 2024 alentador","datePublished":"2024-03-11T08:07:37+00:00","dateModified":"2024-03-11T08:24:52+00:00","mainEntityOfPage":{"@id":"https:\/\/novessendes.org\/es\/empieza-un-activem-betxi-2024-alentador\/"},"wordCount":396,"commentCount":0,"publisher":{"@id":"https:\/\/novessendes.org\/es\/#organization"},"image":{"@id":"https:\/\/novessendes.org\/es\/empieza-un-activem-betxi-2024-alentador\/#primaryimage"},"thumbnailUrl":"https:\/\/novessendes.org\/wp-content\/uploads\/2024\/03\/image00003-scaled.jpeg","articleSection":["Activem Betx\u00ed","Centre C\u00edvic","Participaci\u00f3n ciutadana","Voluntariado"],"inLanguage":"es","potentialAction":[{"@type":"CommentAction","name":"Comment","target":["https:\/\/novessendes.org\/es\/empieza-un-activem-betxi-2024-alentador\/#respond"]}]},{"@type":"WebPage","@id":"https:\/\/novessendes.org\/es\/empieza-un-activem-betxi-2024-alentador\/","url":"https:\/\/novessendes.org\/es\/empieza-un-activem-betxi-2024-alentador\/","name":"Empieza un Activem Betx\u00ed 2024 alentador - Novessendes","isPartOf":{"@id":"https:\/\/novessendes.org\/es\/#website"},"primaryImageOfPage":{"@id":"https:\/\/novessendes.org\/es\/empieza-un-activem-betxi-2024-alentador\/#primaryimage"},"image":{"@id":"https:\/\/novessendes.org\/es\/empieza-un-activem-betxi-2024-alentador\/#primaryimage"},"thumbnailUrl":"https:\/\/novessendes.org\/wp-content\/uploads\/2024\/03\/image00003-scaled.jpeg","datePublished":"2024-03-11T08:07:37+00:00","dateModified":"2024-03-11T08:24:52+00:00","breadcrumb":{"@id":"https:\/\/novessendes.org\/es\/empieza-un-activem-betxi-2024-alentador\/#breadcrumb"},"inLanguage":"es","potentialAction":[{"@type":"ReadAction","target":["https:\/\/novessendes.org\/es\/empieza-un-activem-betxi-2024-alentador\/"]}]},{"@type":"ImageObject","inLanguage":"es","@id":"https:\/\/novessendes.org\/es\/empieza-un-activem-betxi-2024-alentador\/#primaryimage","url":"https:\/\/novessendes.org\/wp-content\/uploads\/2024\/03\/image00003-scaled.jpeg","contentUrl":"https:\/\/novessendes.org\/wp-content\/uploads\/2024\/03\/image00003-scaled.jpeg","width":2560,"height":1920},{"@type":"BreadcrumbList","@id":"https:\/\/novessendes.org\/es\/empieza-un-activem-betxi-2024-alentador\/#breadcrumb","itemListElement":[{"@type":"ListItem","position":1,"name":"Portada","item":"https:\/\/novessendes.org\/es\/"},{"@type":"ListItem","position":2,"name":"Empieza un Activem Betx\u00ed 2024 alentador"}]},{"@type":"WebSite","@id":"https:\/\/novessendes.org\/es\/#website","url":"https:\/\/novessendes.org\/es\/","name":"Novessendes","description":"Fundaci\u00f3 c\u00edvica Novessendes per millorar el benestar i progr\u00e9s dels ciutadans","publisher":{"@id":"https:\/\/novessendes.org\/es\/#organization"},"potentialAction":[{"@type":"SearchAction","target":{"@type":"EntryPoint","urlTemplate":"https:\/\/novessendes.org\/es\/?s={search_term_string}"},"query-input":{"@type":"PropertyValueSpecification","valueRequired":true,"valueName":"search_term_string"}}],"inLanguage":"es"},{"@type":"Organization","@id":"https:\/\/novessendes.org\/es\/#organization","name":"Novessendes","url":"https:\/\/novessendes.org\/es\/","logo":{"@type":"ImageObject","inLanguage":"es","@id":"https:\/\/novessendes.org\/es\/#\/schema\/logo\/image\/","url":"https:\/\/novessendes.org\/wp-content\/uploads\/2020\/09\/logo-novessendes.png","contentUrl":"https:\/\/novessendes.org\/wp-content\/uploads\/2020\/09\/logo-novessendes.png","width":160,"height":80,"caption":"Novessendes"},"image":{"@id":"https:\/\/novessendes.org\/es\/#\/schema\/logo\/image\/"}},{"@type":"Person","@id":"https:\/\/novessendes.org\/es\/#\/schema\/person\/5b688f9bdc96e66d067e94b8675dd027","name":"Admin Novessendes","image":{"@type":"ImageObject","inLanguage":"es","@id":"https:\/\/novessendes.org\/es\/#\/schema\/person\/image\/","url":"https:\/\/secure.gravatar.com\/avatar\/f570170ef07d772c0214ae16f4bd012de5204cd9026ce193e78683d57262b91a?s=96&d=mm&r=g","contentUrl":"https:\/\/secure.gravatar.com\/avatar\/f570170ef07d772c0214ae16f4bd012de5204cd9026ce193e78683d57262b91a?s=96&d=mm&r=g","caption":"Admin Novessendes"},"sameAs":["http:\/\/novessendes.org"],"url":"https:\/\/novessendes.org\/es\/author\/admin-novessendes\/"}]}},"_links":{"self":[{"href":"https:\/\/novessendes.org\/es\/wp-json\/wp\/v2\/posts\/14261","targetHints":{"allow":["GET"]}}],"collection":[{"href":"https:\/\/novessendes.org\/es\/wp-json\/wp\/v2\/posts"}],"about":[{"href":"https:\/\/novessendes.org\/es\/wp-json\/wp\/v2\/types\/post"}],"author":[{"embeddable":true,"href":"https:\/\/novessendes.org\/es\/wp-json\/wp\/v2\/users\/8"}],"replies":[{"embeddable":true,"href":"https:\/\/novessendes.org\/es\/wp-json\/wp\/v2\/comments?post=14261"}],"version-history":[{"count":2,"href":"https:\/\/novessendes.org\/es\/wp-json\/wp\/v2\/posts\/14261\/revisions"}],"predecessor-version":[{"id":14267,"href":"https:\/\/novessendes.org\/es\/wp-json\/wp\/v2\/posts\/14261\/revisions\/14267"}],"wp:featuredmedia":[{"embeddable":true,"href":"https:\/\/novessendes.org\/es\/wp-json\/wp\/v2\/media\/14251"}],"wp:attachment":[{"href":"https:\/\/novessendes.org\/es\/wp-json\/wp\/v2\/media?parent=14261"}],"wp:term":[{"taxonomy":"category","embeddable":true,"href":"https:\/\/novessendes.org\/es\/wp-json\/wp\/v2\/categories?post=14261"},{"taxonomy":"post_tag","embeddable":true,"href":"https:\/\/novessendes.org\/es\/wp-json\/wp\/v2\/tags?post=14261"}],"curies":[{"name":"wp","href":"https:\/\/api.w.org\/{rel}","templated":true}]}}