{"id":14364,"date":"2024-05-13T10:06:55","date_gmt":"2024-05-13T08:06:55","guid":{"rendered":"https:\/\/novessendes.org\/mas-de-60-personas-andan-el-rio-seco-de-betxi\/"},"modified":"2024-05-13T10:25:30","modified_gmt":"2024-05-13T08:25:30","slug":"mas-de-60-personas-andan-el-rio-seco-de-betxi","status":"publish","type":"post","link":"https:\/\/novessendes.org\/es\/mas-de-60-personas-andan-el-rio-seco-de-betxi\/","title":{"rendered":"M\u00e1s de 60 personas andan el r\u00edo Seco de Betx\u00ed"},"content":{"rendered":"\n<p>El pasado s\u00e1bado 11 de mayo m\u00e1s de sesenta personas se sumaron al recorrido de once kil\u00f3metros por el r\u00edo Seco de Betx\u00ed, aprovechando la convocatoria internacional <em><a href=\"https:\/\/cirefluvial.com\/walkingrivers\/\">Walking Rivers<\/a><\/em> en la que miles de personas en 94 rutas distribuidas en 25 pa\u00edses, <strong>anduvieron de manera simult\u00e1nea sus ecosistemas fluviales m\u00e1s pr\u00f3ximos<\/strong>. De este modo desde la <em>Fundaci\u00f3n Novessendes<\/em>, y concretamente desde el grupo motor del proyecto de l&#8217;<em>Horta del Rajolar<\/em>, hemos querido promover y visibilizar el patrimonio fluvial y la corresponsabilidad social hacia su cuidado y mantenimiento.<\/p>\n\n<p>De este modo se ha pretendido continuar la tarea emprendida en 2014 por el grupo de voluntarias que recuper\u00f3 la acequia que ha alimentado hist\u00f3ricamente Betx\u00ed desde la <em>Fuente del Fontanar<\/em>, dando continuidad a algunas de las iniciativas defendidas en la<strong><em>Estrategia participada Betx\u00ed al riu <\/em><\/strong>del<em>Ayuntamiento de Betx\u00ed<\/em> a lo largo de los \u00faltimos a\u00f1os. En una de las paradas del recorrido, Alfredo Remolar aprovech\u00f3 para recordar como en el a\u00f1o 2004, desde el <em>grupo de senderismo de Betx\u00ed<\/em>, organizaron una caminata como esta por dentro del r\u00edo hasta encontrar el mar despu\u00e9s del Clot de la Mare de D\u00e9u en Burriana.<\/p>\n\n<p>A lo largo del recorrido se valoraron los diferentes ecosistemas existentes en el propio r\u00edo, as\u00ed como las posibilidades que ofrecen para el disfrute las infraestructuras con servidumbre asociadas, los caminos y v\u00edas de servicio y las diferentes intervenciones realizadas recientemente con el objetivo de abrir la senda fluvial al p\u00fablico, un espacio de recreo que puede ayudar con su aproximaci\u00f3n controlada a <strong>consolidar el cari\u00f1o y el conocimiento del r\u00edo y su patrimonio asociado<\/strong>.<\/p>\n\n<p>Adem\u00e1s, con el mismo objetivo y el apoyo de la <em> Comunidad de Regantes de Betx\u00ed<\/em> y la <em>Sociedad Espeleol\u00f3gica de Val\u00e8ncia<\/em>, el viernes 10 se procedi\u00f3 a hacer una inspecci\u00f3n t\u00e9cnica del Estado de Conservaci\u00f3n de la galer\u00eda de la acequia. De esta primera inspecci\u00f3n se concluye que las reparaciones y obras de mantenimiento hechas a lo largo de los \u00faltimos a\u00f1os sin los criterios de la t\u00e9cnica constructiva original (vuelta de baldosa maciza y paredes de muros de mamposteria careada) han empeorado considerablemente su estado. Y que los pozos de mantenimiento han ido cerr\u00e1ndose progresivamente hasta el punto de dificultar la reparaci\u00f3n o retirada de sedimentos y desprendimientos a su interior. Aun as\u00ed, en la actualidad, la canalizaci\u00f3n drenante contin\u00faa suministrando agua desde el acu\u00edfero desde su trazado original, que evidencia la movilidad del r\u00edo que en la actualidad la cruza varias veces por encima.<\/p>\n\n<p>Estas dos jornadas han servido para <strong>visibilizar el valor que tiene el r\u00edo y su ecosistema asociado para la poblaci\u00f3n de Betx\u00ed <\/strong> y generar esperanza para empujar <strong>cambios sist\u00e9micos que nos ayudan a mejorar su estado de salud<\/strong>. Para lo cual ser\u00e1 clave que se pueda constituir y empezar a trabajar el grupo de guardianas voluntarias del r\u00edo que tiene que velar por el cumplimiento de las normativas y compromisos de las varias administraciones competentes acompa\u00f1ando esto de herramientas de corresponsabilizaci\u00f3n social que mediante un cambio cultural importando regenere el imaginario colectivo respecto al r\u00edo que podr\u00eda llegar (o volver) a ser.<\/p>\n\n<figure class=\"wp-block-gallery has-nested-images columns-default is-cropped wp-block-gallery-1 is-layout-flex wp-block-gallery-is-layout-flex\">\n<figure class=\"wp-block-image size-large\"><img loading=\"lazy\" decoding=\"async\" width=\"768\" height=\"1024\" data-id=\"14357\" src=\"https:\/\/novessendes.org\/wp-content\/uploads\/2024\/05\/65ac19b6-3cc3-4343-8554-647fbcb0e584-768x1024.jpg\" alt=\"\" class=\"wp-image-14357\" srcset=\"https:\/\/novessendes.org\/wp-content\/uploads\/2024\/05\/65ac19b6-3cc3-4343-8554-647fbcb0e584-768x1024.jpg 768w, https:\/\/novessendes.org\/wp-content\/uploads\/2024\/05\/65ac19b6-3cc3-4343-8554-647fbcb0e584-225x300.jpg 225w, https:\/\/novessendes.org\/wp-content\/uploads\/2024\/05\/65ac19b6-3cc3-4343-8554-647fbcb0e584-1152x1536.jpg 1152w, https:\/\/novessendes.org\/wp-content\/uploads\/2024\/05\/65ac19b6-3cc3-4343-8554-647fbcb0e584.jpg 1200w\" sizes=\"auto, (max-width: 768px) 100vw, 768px\" \/><\/figure>\n\n\n\n<figure class=\"wp-block-image size-large\"><img loading=\"lazy\" decoding=\"async\" width=\"768\" height=\"1024\" data-id=\"14355\" src=\"https:\/\/novessendes.org\/wp-content\/uploads\/2024\/05\/a9ce3912-41c0-4b98-8253-192efb2bb3d0-768x1024.jpg\" alt=\"\" class=\"wp-image-14355\" srcset=\"https:\/\/novessendes.org\/wp-content\/uploads\/2024\/05\/a9ce3912-41c0-4b98-8253-192efb2bb3d0-768x1024.jpg 768w, https:\/\/novessendes.org\/wp-content\/uploads\/2024\/05\/a9ce3912-41c0-4b98-8253-192efb2bb3d0-225x300.jpg 225w, https:\/\/novessendes.org\/wp-content\/uploads\/2024\/05\/a9ce3912-41c0-4b98-8253-192efb2bb3d0-1152x1536.jpg 1152w, https:\/\/novessendes.org\/wp-content\/uploads\/2024\/05\/a9ce3912-41c0-4b98-8253-192efb2bb3d0.jpg 1200w\" sizes=\"auto, (max-width: 768px) 100vw, 768px\" \/><\/figure>\n\n\n\n<figure class=\"wp-block-image size-large\"><img loading=\"lazy\" decoding=\"async\" width=\"1024\" height=\"768\" data-id=\"14359\" src=\"https:\/\/novessendes.org\/wp-content\/uploads\/2024\/05\/IMG_3462-1-1024x768.jpg\" alt=\"\" class=\"wp-image-14359\" srcset=\"https:\/\/novessendes.org\/wp-content\/uploads\/2024\/05\/IMG_3462-1-1024x768.jpg 1024w, https:\/\/novessendes.org\/wp-content\/uploads\/2024\/05\/IMG_3462-1-300x225.jpg 300w, https:\/\/novessendes.org\/wp-content\/uploads\/2024\/05\/IMG_3462-1-768x576.jpg 768w, https:\/\/novessendes.org\/wp-content\/uploads\/2024\/05\/IMG_3462-1-1536x1152.jpg 1536w, https:\/\/novessendes.org\/wp-content\/uploads\/2024\/05\/IMG_3462-1-2048x1536.jpg 2048w\" sizes=\"auto, (max-width: 1024px) 100vw, 1024px\" \/><\/figure>\n\n\n\n<figure class=\"wp-block-image size-large\"><img loading=\"lazy\" decoding=\"async\" width=\"768\" height=\"1024\" data-id=\"14361\" src=\"https:\/\/novessendes.org\/wp-content\/uploads\/2024\/05\/IMG_3480-1-768x1024.jpg\" alt=\"\" class=\"wp-image-14361\" srcset=\"https:\/\/novessendes.org\/wp-content\/uploads\/2024\/05\/IMG_3480-1-768x1024.jpg 768w, https:\/\/novessendes.org\/wp-content\/uploads\/2024\/05\/IMG_3480-1-225x300.jpg 225w, https:\/\/novessendes.org\/wp-content\/uploads\/2024\/05\/IMG_3480-1-1152x1536.jpg 1152w, https:\/\/novessendes.org\/wp-content\/uploads\/2024\/05\/IMG_3480-1-1536x2048.jpg 1536w, https:\/\/novessendes.org\/wp-content\/uploads\/2024\/05\/IMG_3480-1-scaled.jpg 1920w\" sizes=\"auto, (max-width: 768px) 100vw, 768px\" \/><\/figure>\n<\/figure>\n","protected":false},"excerpt":{"rendered":"<p>El pasado s\u00e1bado 11 de mayo m\u00e1s de sesenta personas se sumaron al recorrido de once kil\u00f3metros por el r\u00edo Seco de Betx\u00ed, aprovechando la convocatoria internacional Walking Rivers en la que miles de personas en 94 rutas distribuidas en 25 pa\u00edses, anduvieron de manera simult\u00e1nea sus ecosistemas fluviales m\u00e1s pr\u00f3ximos. De este modo desde [&hellip;]<\/p>\n","protected":false},"author":8,"featured_media":14352,"comment_status":"open","ping_status":"open","sticky":true,"template":"","format":"standard","meta":{"give_campaign_id":0,"footnotes":""},"categories":[327,320,317,318],"tags":[],"class_list":["post-14364","post","type-post","status-publish","format-standard","has-post-thumbnail","hentry","category-educacion-en-valores","category-horta-rajolar-es","category-participacion-ciutadana","category-proyectos"],"yoast_head":"<!-- This site is optimized with the Yoast SEO plugin v27.0 - https:\/\/yoast.com\/product\/yoast-seo-wordpress\/ -->\n<title>M\u00e1s de 60 personas andan el r\u00edo Seco de Betx\u00ed - Novessendes<\/title>\n<meta name=\"robots\" content=\"index, follow, max-snippet:-1, max-image-preview:large, max-video-preview:-1\" \/>\n<link rel=\"canonical\" href=\"https:\/\/novessendes.org\/es\/mas-de-60-personas-andan-el-rio-seco-de-betxi\/\" \/>\n<meta property=\"og:locale\" content=\"es_ES\" \/>\n<meta property=\"og:type\" content=\"article\" \/>\n<meta property=\"og:title\" content=\"M\u00e1s de 60 personas andan el r\u00edo Seco de Betx\u00ed - Novessendes\" \/>\n<meta property=\"og:description\" content=\"El pasado s\u00e1bado 11 de mayo m\u00e1s de sesenta personas se sumaron al recorrido de once kil\u00f3metros por el r\u00edo Seco de Betx\u00ed, aprovechando la convocatoria internacional Walking Rivers en la que miles de personas en 94 rutas distribuidas en 25 pa\u00edses, anduvieron de manera simult\u00e1nea sus ecosistemas fluviales m\u00e1s pr\u00f3ximos. De este modo desde [&hellip;]\" \/>\n<meta property=\"og:url\" content=\"https:\/\/novessendes.org\/es\/mas-de-60-personas-andan-el-rio-seco-de-betxi\/\" \/>\n<meta property=\"og:site_name\" content=\"Novessendes\" \/>\n<meta property=\"article:published_time\" content=\"2024-05-13T08:06:55+00:00\" \/>\n<meta property=\"article:modified_time\" content=\"2024-05-13T08:25:30+00:00\" \/>\n<meta property=\"og:image\" content=\"https:\/\/novessendes.org\/wp-content\/uploads\/2024\/05\/IMG_3480-scaled-e1715587543271.jpg\" \/>\n\t<meta property=\"og:image:width\" content=\"1920\" \/>\n\t<meta property=\"og:image:height\" content=\"2560\" \/>\n\t<meta property=\"og:image:type\" content=\"image\/jpeg\" \/>\n<meta name=\"author\" content=\"Admin Novessendes\" \/>\n<meta name=\"twitter:card\" content=\"summary_large_image\" \/>\n<meta name=\"twitter:label1\" content=\"Escrito por\" \/>\n\t<meta name=\"twitter:data1\" content=\"Admin Novessendes\" \/>\n\t<meta name=\"twitter:label2\" content=\"Tiempo de lectura\" \/>\n\t<meta name=\"twitter:data2\" content=\"3 minutos\" \/>\n<script type=\"application\/ld+json\" class=\"yoast-schema-graph\">{\"@context\":\"https:\/\/schema.org\",\"@graph\":[{\"@type\":\"Article\",\"@id\":\"https:\/\/novessendes.org\/es\/mas-de-60-personas-andan-el-rio-seco-de-betxi\/#article\",\"isPartOf\":{\"@id\":\"https:\/\/novessendes.org\/es\/mas-de-60-personas-andan-el-rio-seco-de-betxi\/\"},\"author\":{\"name\":\"Admin Novessendes\",\"@id\":\"https:\/\/novessendes.org\/es\/#\/schema\/person\/5b688f9bdc96e66d067e94b8675dd027\"},\"headline\":\"M\u00e1s de 60 personas andan el r\u00edo Seco de Betx\u00ed\",\"datePublished\":\"2024-05-13T08:06:55+00:00\",\"dateModified\":\"2024-05-13T08:25:30+00:00\",\"mainEntityOfPage\":{\"@id\":\"https:\/\/novessendes.org\/es\/mas-de-60-personas-andan-el-rio-seco-de-betxi\/\"},\"wordCount\":564,\"commentCount\":0,\"publisher\":{\"@id\":\"https:\/\/novessendes.org\/es\/#organization\"},\"image\":{\"@id\":\"https:\/\/novessendes.org\/es\/mas-de-60-personas-andan-el-rio-seco-de-betxi\/#primaryimage\"},\"thumbnailUrl\":\"https:\/\/novessendes.org\/wp-content\/uploads\/2024\/05\/IMG_3480-scaled-e1715587543271.jpg\",\"articleSection\":[\"Educaci\u00f3n en valores\",\"Horta Rajolar\",\"Participaci\u00f3n ciutadana\",\"Proyectos\"],\"inLanguage\":\"es\",\"potentialAction\":[{\"@type\":\"CommentAction\",\"name\":\"Comment\",\"target\":[\"https:\/\/novessendes.org\/es\/mas-de-60-personas-andan-el-rio-seco-de-betxi\/#respond\"]}]},{\"@type\":\"WebPage\",\"@id\":\"https:\/\/novessendes.org\/es\/mas-de-60-personas-andan-el-rio-seco-de-betxi\/\",\"url\":\"https:\/\/novessendes.org\/es\/mas-de-60-personas-andan-el-rio-seco-de-betxi\/\",\"name\":\"M\u00e1s de 60 personas andan el r\u00edo Seco de Betx\u00ed - Novessendes\",\"isPartOf\":{\"@id\":\"https:\/\/novessendes.org\/es\/#website\"},\"primaryImageOfPage\":{\"@id\":\"https:\/\/novessendes.org\/es\/mas-de-60-personas-andan-el-rio-seco-de-betxi\/#primaryimage\"},\"image\":{\"@id\":\"https:\/\/novessendes.org\/es\/mas-de-60-personas-andan-el-rio-seco-de-betxi\/#primaryimage\"},\"thumbnailUrl\":\"https:\/\/novessendes.org\/wp-content\/uploads\/2024\/05\/IMG_3480-scaled-e1715587543271.jpg\",\"datePublished\":\"2024-05-13T08:06:55+00:00\",\"dateModified\":\"2024-05-13T08:25:30+00:00\",\"breadcrumb\":{\"@id\":\"https:\/\/novessendes.org\/es\/mas-de-60-personas-andan-el-rio-seco-de-betxi\/#breadcrumb\"},\"inLanguage\":\"es\",\"potentialAction\":[{\"@type\":\"ReadAction\",\"target\":[\"https:\/\/novessendes.org\/es\/mas-de-60-personas-andan-el-rio-seco-de-betxi\/\"]}]},{\"@type\":\"ImageObject\",\"inLanguage\":\"es\",\"@id\":\"https:\/\/novessendes.org\/es\/mas-de-60-personas-andan-el-rio-seco-de-betxi\/#primaryimage\",\"url\":\"https:\/\/novessendes.org\/wp-content\/uploads\/2024\/05\/IMG_3480-scaled-e1715587543271.jpg\",\"contentUrl\":\"https:\/\/novessendes.org\/wp-content\/uploads\/2024\/05\/IMG_3480-scaled-e1715587543271.jpg\",\"width\":1920,\"height\":2560},{\"@type\":\"BreadcrumbList\",\"@id\":\"https:\/\/novessendes.org\/es\/mas-de-60-personas-andan-el-rio-seco-de-betxi\/#breadcrumb\",\"itemListElement\":[{\"@type\":\"ListItem\",\"position\":1,\"name\":\"Portada\",\"item\":\"https:\/\/novessendes.org\/es\/\"},{\"@type\":\"ListItem\",\"position\":2,\"name\":\"M\u00e1s de 60 personas andan el r\u00edo Seco de Betx\u00ed\"}]},{\"@type\":\"WebSite\",\"@id\":\"https:\/\/novessendes.org\/es\/#website\",\"url\":\"https:\/\/novessendes.org\/es\/\",\"name\":\"Novessendes\",\"description\":\"Fundaci\u00f3 c\u00edvica Novessendes per millorar el benestar i progr\u00e9s dels ciutadans\",\"publisher\":{\"@id\":\"https:\/\/novessendes.org\/es\/#organization\"},\"potentialAction\":[{\"@type\":\"SearchAction\",\"target\":{\"@type\":\"EntryPoint\",\"urlTemplate\":\"https:\/\/novessendes.org\/es\/?s={search_term_string}\"},\"query-input\":{\"@type\":\"PropertyValueSpecification\",\"valueRequired\":true,\"valueName\":\"search_term_string\"}}],\"inLanguage\":\"es\"},{\"@type\":\"Organization\",\"@id\":\"https:\/\/novessendes.org\/es\/#organization\",\"name\":\"Novessendes\",\"url\":\"https:\/\/novessendes.org\/es\/\",\"logo\":{\"@type\":\"ImageObject\",\"inLanguage\":\"es\",\"@id\":\"https:\/\/novessendes.org\/es\/#\/schema\/logo\/image\/\",\"url\":\"https:\/\/novessendes.org\/wp-content\/uploads\/2020\/09\/logo-novessendes.png\",\"contentUrl\":\"https:\/\/novessendes.org\/wp-content\/uploads\/2020\/09\/logo-novessendes.png\",\"width\":160,\"height\":80,\"caption\":\"Novessendes\"},\"image\":{\"@id\":\"https:\/\/novessendes.org\/es\/#\/schema\/logo\/image\/\"}},{\"@type\":\"Person\",\"@id\":\"https:\/\/novessendes.org\/es\/#\/schema\/person\/5b688f9bdc96e66d067e94b8675dd027\",\"name\":\"Admin Novessendes\",\"image\":{\"@type\":\"ImageObject\",\"inLanguage\":\"es\",\"@id\":\"https:\/\/novessendes.org\/es\/#\/schema\/person\/image\/\",\"url\":\"https:\/\/secure.gravatar.com\/avatar\/f570170ef07d772c0214ae16f4bd012de5204cd9026ce193e78683d57262b91a?s=96&d=mm&r=g\",\"contentUrl\":\"https:\/\/secure.gravatar.com\/avatar\/f570170ef07d772c0214ae16f4bd012de5204cd9026ce193e78683d57262b91a?s=96&d=mm&r=g\",\"caption\":\"Admin Novessendes\"},\"sameAs\":[\"http:\/\/novessendes.org\"],\"url\":\"https:\/\/novessendes.org\/es\/author\/admin-novessendes\/\"}]}<\/script>\n<!-- \/ Yoast SEO plugin. -->","yoast_head_json":{"title":"M\u00e1s de 60 personas andan el r\u00edo Seco de Betx\u00ed - Novessendes","robots":{"index":"index","follow":"follow","max-snippet":"max-snippet:-1","max-image-preview":"max-image-preview:large","max-video-preview":"max-video-preview:-1"},"canonical":"https:\/\/novessendes.org\/es\/mas-de-60-personas-andan-el-rio-seco-de-betxi\/","og_locale":"es_ES","og_type":"article","og_title":"M\u00e1s de 60 personas andan el r\u00edo Seco de Betx\u00ed - Novessendes","og_description":"El pasado s\u00e1bado 11 de mayo m\u00e1s de sesenta personas se sumaron al recorrido de once kil\u00f3metros por el r\u00edo Seco de Betx\u00ed, aprovechando la convocatoria internacional Walking Rivers en la que miles de personas en 94 rutas distribuidas en 25 pa\u00edses, anduvieron de manera simult\u00e1nea sus ecosistemas fluviales m\u00e1s pr\u00f3ximos. De este modo desde [&hellip;]","og_url":"https:\/\/novessendes.org\/es\/mas-de-60-personas-andan-el-rio-seco-de-betxi\/","og_site_name":"Novessendes","article_published_time":"2024-05-13T08:06:55+00:00","article_modified_time":"2024-05-13T08:25:30+00:00","og_image":[{"width":1920,"height":2560,"url":"https:\/\/novessendes.org\/wp-content\/uploads\/2024\/05\/IMG_3480-scaled-e1715587543271.jpg","type":"image\/jpeg"}],"author":"Admin Novessendes","twitter_card":"summary_large_image","twitter_misc":{"Escrito por":"Admin Novessendes","Tiempo de lectura":"3 minutos"},"schema":{"@context":"https:\/\/schema.org","@graph":[{"@type":"Article","@id":"https:\/\/novessendes.org\/es\/mas-de-60-personas-andan-el-rio-seco-de-betxi\/#article","isPartOf":{"@id":"https:\/\/novessendes.org\/es\/mas-de-60-personas-andan-el-rio-seco-de-betxi\/"},"author":{"name":"Admin Novessendes","@id":"https:\/\/novessendes.org\/es\/#\/schema\/person\/5b688f9bdc96e66d067e94b8675dd027"},"headline":"M\u00e1s de 60 personas andan el r\u00edo Seco de Betx\u00ed","datePublished":"2024-05-13T08:06:55+00:00","dateModified":"2024-05-13T08:25:30+00:00","mainEntityOfPage":{"@id":"https:\/\/novessendes.org\/es\/mas-de-60-personas-andan-el-rio-seco-de-betxi\/"},"wordCount":564,"commentCount":0,"publisher":{"@id":"https:\/\/novessendes.org\/es\/#organization"},"image":{"@id":"https:\/\/novessendes.org\/es\/mas-de-60-personas-andan-el-rio-seco-de-betxi\/#primaryimage"},"thumbnailUrl":"https:\/\/novessendes.org\/wp-content\/uploads\/2024\/05\/IMG_3480-scaled-e1715587543271.jpg","articleSection":["Educaci\u00f3n en valores","Horta Rajolar","Participaci\u00f3n ciutadana","Proyectos"],"inLanguage":"es","potentialAction":[{"@type":"CommentAction","name":"Comment","target":["https:\/\/novessendes.org\/es\/mas-de-60-personas-andan-el-rio-seco-de-betxi\/#respond"]}]},{"@type":"WebPage","@id":"https:\/\/novessendes.org\/es\/mas-de-60-personas-andan-el-rio-seco-de-betxi\/","url":"https:\/\/novessendes.org\/es\/mas-de-60-personas-andan-el-rio-seco-de-betxi\/","name":"M\u00e1s de 60 personas andan el r\u00edo Seco de Betx\u00ed - Novessendes","isPartOf":{"@id":"https:\/\/novessendes.org\/es\/#website"},"primaryImageOfPage":{"@id":"https:\/\/novessendes.org\/es\/mas-de-60-personas-andan-el-rio-seco-de-betxi\/#primaryimage"},"image":{"@id":"https:\/\/novessendes.org\/es\/mas-de-60-personas-andan-el-rio-seco-de-betxi\/#primaryimage"},"thumbnailUrl":"https:\/\/novessendes.org\/wp-content\/uploads\/2024\/05\/IMG_3480-scaled-e1715587543271.jpg","datePublished":"2024-05-13T08:06:55+00:00","dateModified":"2024-05-13T08:25:30+00:00","breadcrumb":{"@id":"https:\/\/novessendes.org\/es\/mas-de-60-personas-andan-el-rio-seco-de-betxi\/#breadcrumb"},"inLanguage":"es","potentialAction":[{"@type":"ReadAction","target":["https:\/\/novessendes.org\/es\/mas-de-60-personas-andan-el-rio-seco-de-betxi\/"]}]},{"@type":"ImageObject","inLanguage":"es","@id":"https:\/\/novessendes.org\/es\/mas-de-60-personas-andan-el-rio-seco-de-betxi\/#primaryimage","url":"https:\/\/novessendes.org\/wp-content\/uploads\/2024\/05\/IMG_3480-scaled-e1715587543271.jpg","contentUrl":"https:\/\/novessendes.org\/wp-content\/uploads\/2024\/05\/IMG_3480-scaled-e1715587543271.jpg","width":1920,"height":2560},{"@type":"BreadcrumbList","@id":"https:\/\/novessendes.org\/es\/mas-de-60-personas-andan-el-rio-seco-de-betxi\/#breadcrumb","itemListElement":[{"@type":"ListItem","position":1,"name":"Portada","item":"https:\/\/novessendes.org\/es\/"},{"@type":"ListItem","position":2,"name":"M\u00e1s de 60 personas andan el r\u00edo Seco de Betx\u00ed"}]},{"@type":"WebSite","@id":"https:\/\/novessendes.org\/es\/#website","url":"https:\/\/novessendes.org\/es\/","name":"Novessendes","description":"Fundaci\u00f3 c\u00edvica Novessendes per millorar el benestar i progr\u00e9s dels ciutadans","publisher":{"@id":"https:\/\/novessendes.org\/es\/#organization"},"potentialAction":[{"@type":"SearchAction","target":{"@type":"EntryPoint","urlTemplate":"https:\/\/novessendes.org\/es\/?s={search_term_string}"},"query-input":{"@type":"PropertyValueSpecification","valueRequired":true,"valueName":"search_term_string"}}],"inLanguage":"es"},{"@type":"Organization","@id":"https:\/\/novessendes.org\/es\/#organization","name":"Novessendes","url":"https:\/\/novessendes.org\/es\/","logo":{"@type":"ImageObject","inLanguage":"es","@id":"https:\/\/novessendes.org\/es\/#\/schema\/logo\/image\/","url":"https:\/\/novessendes.org\/wp-content\/uploads\/2020\/09\/logo-novessendes.png","contentUrl":"https:\/\/novessendes.org\/wp-content\/uploads\/2020\/09\/logo-novessendes.png","width":160,"height":80,"caption":"Novessendes"},"image":{"@id":"https:\/\/novessendes.org\/es\/#\/schema\/logo\/image\/"}},{"@type":"Person","@id":"https:\/\/novessendes.org\/es\/#\/schema\/person\/5b688f9bdc96e66d067e94b8675dd027","name":"Admin Novessendes","image":{"@type":"ImageObject","inLanguage":"es","@id":"https:\/\/novessendes.org\/es\/#\/schema\/person\/image\/","url":"https:\/\/secure.gravatar.com\/avatar\/f570170ef07d772c0214ae16f4bd012de5204cd9026ce193e78683d57262b91a?s=96&d=mm&r=g","contentUrl":"https:\/\/secure.gravatar.com\/avatar\/f570170ef07d772c0214ae16f4bd012de5204cd9026ce193e78683d57262b91a?s=96&d=mm&r=g","caption":"Admin Novessendes"},"sameAs":["http:\/\/novessendes.org"],"url":"https:\/\/novessendes.org\/es\/author\/admin-novessendes\/"}]}},"_links":{"self":[{"href":"https:\/\/novessendes.org\/es\/wp-json\/wp\/v2\/posts\/14364","targetHints":{"allow":["GET"]}}],"collection":[{"href":"https:\/\/novessendes.org\/es\/wp-json\/wp\/v2\/posts"}],"about":[{"href":"https:\/\/novessendes.org\/es\/wp-json\/wp\/v2\/types\/post"}],"author":[{"embeddable":true,"href":"https:\/\/novessendes.org\/es\/wp-json\/wp\/v2\/users\/8"}],"replies":[{"embeddable":true,"href":"https:\/\/novessendes.org\/es\/wp-json\/wp\/v2\/comments?post=14364"}],"version-history":[{"count":1,"href":"https:\/\/novessendes.org\/es\/wp-json\/wp\/v2\/posts\/14364\/revisions"}],"predecessor-version":[{"id":14365,"href":"https:\/\/novessendes.org\/es\/wp-json\/wp\/v2\/posts\/14364\/revisions\/14365"}],"wp:featuredmedia":[{"embeddable":true,"href":"https:\/\/novessendes.org\/es\/wp-json\/wp\/v2\/media\/14352"}],"wp:attachment":[{"href":"https:\/\/novessendes.org\/es\/wp-json\/wp\/v2\/media?parent=14364"}],"wp:term":[{"taxonomy":"category","embeddable":true,"href":"https:\/\/novessendes.org\/es\/wp-json\/wp\/v2\/categories?post=14364"},{"taxonomy":"post_tag","embeddable":true,"href":"https:\/\/novessendes.org\/es\/wp-json\/wp\/v2\/tags?post=14364"}],"curies":[{"name":"wp","href":"https:\/\/api.w.org\/{rel}","templated":true}]}}