{"id":15297,"date":"2025-11-25T14:36:09","date_gmt":"2025-11-25T12:36:09","guid":{"rendered":"https:\/\/novessendes.org\/25-docentes-de-la-red-de-centros-educativos-futuro-sostenible-reunidos-en-caudiel-para-fortalecer-la-educacion-transformadora-por-el-bien-comun\/"},"modified":"2025-11-25T16:07:47","modified_gmt":"2025-11-25T14:07:47","slug":"25-docentes-de-la-red-de-centros-educativos-futuro-sostenible-reunidos-en-caudiel-para-fortalecer-la-educacion-transformadora-por-el-bien-comun","status":"publish","type":"post","link":"https:\/\/novessendes.org\/es\/25-docentes-de-la-red-de-centros-educativos-futuro-sostenible-reunidos-en-caudiel-para-fortalecer-la-educacion-transformadora-por-el-bien-comun\/","title":{"rendered":"25 docentes de la Red de Centros Educativos Futuro Sostenible reunidos en Caudiel para fortalecer la educaci\u00f3n transformadora por el Bien Com\u00fan"},"content":{"rendered":"\n<p><em>Mira todas las fotos del encuentro de educaci\u00f3n transformadora en torno a la Econom\u00eda del Bien Com\u00fan \ud83d\udcf8Mira totes les fotos de la trobada d&#8217;educaci\u00f3 transformadora entorn de l&#8217;Economia del B\u00e9 Com\u00fa<\/em> \ud83d\udcf8<\/p>\n\n<p>El 15 y 16 de noviembre, 25 docentes de diferentes institutos de la Comunidad Valenciana, se reunieron en la Jornada \u201cEducaci\u00f3n transformadora para la sostenibilidad. Fortaleciendo la Red de Centros Educativos Futuro Sostenible\u201d, organizada por<a href=\"htpps:\/\/novessendes.org\"> Fundaci\u00f3n Novessendes<\/a>, dentro del programa Futuro Sostenible. Una estrategia educativa para introducir la filosof\u00eda de la Econom\u00eda del bien com\u00fan en las aulas, que viene desarroll\u00e1ndose desde 2019 y a la que se suman cada m\u00e1s centros de la Comunidad Valenciana. <\/p>\n\n<div style=\"height:79px\" aria-hidden=\"true\" class=\"wp-block-spacer\"><\/div>\n\n<h2 class=\"wp-block-heading\">D\u00cdA 1: INTERCAMBIO DE EXPERIENCIAS EDUCATIVAS EBC<\/h2>\n\n<p>El lugar de la cita (<a href=\"https:\/\/masdenoguera.es\/\">Mas de Noguera, en Caudiel<\/a>, Castell\u00f3n) fue m\u00e1gico, como la energ\u00eda que fluy\u00f3 durante todo el encuentro. El compromiso por una educaci\u00f3n para el cambio hacia una sociedad m\u00e1s justa se percibi\u00f3 en cada una de las actividades del s\u00e1bado. En la din\u00e1mica de presentaci\u00f3n por parejas \u201cQui\u00e9n soy y por qu\u00e9 estoy aqu\u00ed\u201d. En los bloques m\u00e1s te\u00f3ricos sobre \u201cEducaci\u00f3n transformadora por la sostenibilidad\u201d, donde se intercambiaron experiencias EBC en el aula. En los talleres pr\u00e1cticos para descubrir y aplicar el Kit Pedag\u00f3gico EBC y Evaluaci\u00f3n del impacto educativo del programa Futuro Sostenible, una serie de materiales dise\u00f1ados para desarrollar la pedagog\u00eda del Bien com\u00fan, entre ellos, el <a href=\"https:\/\/futursostenible.org\/ca\/recurso\/joc-de-taula-cooperatiu-objectiu-futur-sostenible\/\">juego de mesa \u201cObjetivo Futuro Sostenible\u201d<\/a> y la <a href=\"https:\/\/futursostenible.org\/ca\/recurso\/exposicio-futur-sostenible-entitats-sostenibles-i-del-be-comu\/\">Exposici\u00f3n \u201cFuturo Sostenible: Entidades sostenibles y del Bien Com\u00fan\u201d.<\/a>    <\/p>\n\n<p>\u201cLos materiales que hemos ido cocreando desde Novessendes, junto con los propios docentes, para introducir la pedagog\u00eda de la EBC no son cerrados, sino flexibles, orientativos para empezar, y cada profe lo adapta a sus recursos propios, a su aula, a su experiencia. Y si necesita ayuda, aqu\u00ed tiene la red de la Fundaci\u00f3n Novessendes\u201d, explica Mario Rebollar, coordinador del programa Futuro Sostenible. <\/p>\n\n<div style=\"height:76px\" aria-hidden=\"true\" class=\"wp-block-spacer\"><\/div>\n\n<h2 class=\"wp-block-heading\">D\u00cdA 2: EL PROP\u00d3SITO LA RED FUTUR SOSTENIBLE.<\/h2>\n\n<p>El domingo, la magia tambi\u00e9n impregn\u00f3 los talleres y debates, que giraron entorno al fortalecimiento de la red de centros Futuro Sostenible. Una red compuesta por equipos directivos y profesorado de diferentes centros dispuestos a fomentar y perfeccionar una pedagog\u00eda del bien com\u00fan. <\/p>\n\n<p>Durante la din\u00e1mica colectiva, afinamos el prop\u00f3sito inicial de la red educativa EBC:<\/p>\n\n<ul class=\"wp-block-list\">\n<li>\u201cMovilizarnos\/inspirar\/sembrar hacia el Bien Com\u00fan.\u201d<\/li>\n\n\n\n<li>\u201cEducar hacia la transformaci\u00f3n social por el Bien Com\u00fan\u201d<\/li>\n<\/ul>\n\n<p>Para ello, el profesorado se comprometi\u00f3 a:<\/p>\n\n<ul class=\"wp-block-list\">\n<li>Compartir recursos y buenas pr\u00e1cticas<\/li>\n\n\n\n<li>Establecer comunicaci\u00f3n interna y externa fluida<\/li>\n\n\n\n<li>Apoyarse entre centros<\/li>\n\n\n\n<li>Impulsar proyectos EBC visibles<\/li>\n\n\n\n<li>Crear un banco de recursos y un mercado de talentos<\/li>\n\n\n\n<li>Institucionalizar la red y garantizar tiempo y reconocimiento<\/li>\n<\/ul>\n\n<div style=\"height:100px\" aria-hidden=\"true\" class=\"wp-block-spacer\"><\/div>\n\n<h2 class=\"wp-block-heading\">Mira todas las fotos del encuentro <\/h2>\n\n<figure class=\"wp-block-gallery has-nested-images columns-2 is-cropped wp-block-gallery-1 is-layout-flex wp-block-gallery-is-layout-flex\">\n<figure class=\"wp-block-image size-large\"><img decoding=\"async\" data-id=\"4816\" src=\"https:\/\/futursostenible.org\/wp-content\/uploads\/2025\/11\/DSC07147-1-1024x576.jpg\" alt=\"\" class=\"wp-image-4816\"\/><\/figure>\n\n\n\n<figure class=\"wp-block-image size-large\"><img decoding=\"async\" data-id=\"4818\" src=\"https:\/\/futursostenible.org\/wp-content\/uploads\/2025\/11\/DSC07152-1-1024x576.jpg\" alt=\"\" class=\"wp-image-4818\"\/><\/figure>\n\n\n\n<figure class=\"wp-block-image size-large\"><img decoding=\"async\" data-id=\"4823\" src=\"https:\/\/futursostenible.org\/wp-content\/uploads\/2025\/11\/DSC07164-1-1024x576.jpg\" alt=\"\" class=\"wp-image-4823\"\/><\/figure>\n\n\n\n<figure class=\"wp-block-image size-large\"><img decoding=\"async\" data-id=\"4819\" src=\"https:\/\/futursostenible.org\/wp-content\/uploads\/2025\/11\/DSC07174-1-1024x576.jpg\" alt=\"\" class=\"wp-image-4819\"\/><\/figure>\n\n\n\n<figure class=\"wp-block-image size-large\"><img decoding=\"async\" data-id=\"4821\" src=\"https:\/\/futursostenible.org\/wp-content\/uploads\/2025\/11\/DSC07175-1-1024x576.jpg\" alt=\"\" class=\"wp-image-4821\"\/><\/figure>\n\n\n\n<figure class=\"wp-block-image size-large\"><img decoding=\"async\" data-id=\"4814\" src=\"https:\/\/futursostenible.org\/wp-content\/uploads\/2025\/11\/DSC07187-1024x576.jpg\" alt=\"\" class=\"wp-image-4814\"\/><\/figure>\n\n\n\n<figure class=\"wp-block-image size-large\"><img decoding=\"async\" data-id=\"4813\" src=\"https:\/\/futursostenible.org\/wp-content\/uploads\/2025\/11\/DSC07192-1024x655.jpg\" alt=\"\" class=\"wp-image-4813\"\/><\/figure>\n\n\n\n<figure class=\"wp-block-image size-large\"><img decoding=\"async\" data-id=\"4812\" src=\"https:\/\/futursostenible.org\/wp-content\/uploads\/2025\/11\/DSC07195-1024x643.jpg\" alt=\"\" class=\"wp-image-4812\"\/><\/figure>\n<\/figure>\n\n<figure class=\"wp-block-gallery has-nested-images columns-2 is-cropped wp-block-gallery-2 is-layout-flex wp-block-gallery-is-layout-flex\">\n<figure class=\"wp-block-image size-large\"><img decoding=\"async\" data-id=\"4825\" src=\"https:\/\/futursostenible.org\/wp-content\/uploads\/2025\/11\/DSC07148-1-1024x576.jpg\" alt=\"\" class=\"wp-image-4825\"\/><\/figure>\n\n\n\n<figure class=\"wp-block-image size-large\"><img decoding=\"async\" data-id=\"4826\" src=\"https:\/\/futursostenible.org\/wp-content\/uploads\/2025\/11\/DSC07149-1-1024x576.jpg\" alt=\"\" class=\"wp-image-4826\"\/><\/figure>\n\n\n\n<figure class=\"wp-block-image size-large\"><img decoding=\"async\" data-id=\"4827\" src=\"https:\/\/futursostenible.org\/wp-content\/uploads\/2025\/11\/DSC07152-2-1024x576.jpg\" alt=\"\" class=\"wp-image-4827\"\/><\/figure>\n\n\n\n<figure class=\"wp-block-image size-large\"><img decoding=\"async\" data-id=\"4828\" src=\"https:\/\/futursostenible.org\/wp-content\/uploads\/2025\/11\/DSC07154-1-1024x576.jpg\" alt=\"\" class=\"wp-image-4828\"\/><\/figure>\n<\/figure>\n\n<figure class=\"wp-block-gallery has-nested-images columns-2 is-cropped wp-block-gallery-3 is-layout-flex wp-block-gallery-is-layout-flex\">\n<figure class=\"wp-block-image size-large\"><img decoding=\"async\" data-id=\"4829\" src=\"https:\/\/futursostenible.org\/wp-content\/uploads\/2025\/11\/DSC07167-1-576x1024.jpg\" alt=\"\" class=\"wp-image-4829\"\/><\/figure>\n\n\n\n<figure class=\"wp-block-image size-large\"><img decoding=\"async\" data-id=\"4830\" src=\"https:\/\/futursostenible.org\/wp-content\/uploads\/2025\/11\/DSC07176-1-576x1024.jpg\" alt=\"\" class=\"wp-image-4830\"\/><\/figure>\n\n\n\n<figure class=\"wp-block-image size-large\"><img decoding=\"async\" data-id=\"4831\" src=\"https:\/\/futursostenible.org\/wp-content\/uploads\/2025\/11\/DSC07179-1-576x1024.jpg\" alt=\"\" class=\"wp-image-4831\"\/><\/figure>\n\n\n\n<figure class=\"wp-block-image size-large\"><img decoding=\"async\" data-id=\"4832\" src=\"https:\/\/futursostenible.org\/wp-content\/uploads\/2025\/11\/DSC07230-1-576x1024.jpg\" alt=\"\" class=\"wp-image-4832\"\/><\/figure>\n<\/figure>\n\n<figure class=\"wp-block-gallery has-nested-images columns-2 is-cropped wp-block-gallery-4 is-layout-flex wp-block-gallery-is-layout-flex\">\n<figure class=\"wp-block-image size-large\"><img decoding=\"async\" data-id=\"4839\" src=\"https:\/\/futursostenible.org\/wp-content\/uploads\/2025\/11\/DSC07201-1-1024x591.jpg\" alt=\"\" class=\"wp-image-4839\"\/><\/figure>\n\n\n\n<figure class=\"wp-block-image size-large\"><img decoding=\"async\" data-id=\"4843\" src=\"https:\/\/futursostenible.org\/wp-content\/uploads\/2025\/11\/DSC07204-1-1024x582.jpg\" alt=\"\" class=\"wp-image-4843\"\/><\/figure>\n\n\n\n<figure class=\"wp-block-image size-large\"><img decoding=\"async\" data-id=\"4844\" src=\"https:\/\/futursostenible.org\/wp-content\/uploads\/2025\/11\/DSC07208-1024x576.jpg\" alt=\"\" class=\"wp-image-4844\"\/><\/figure>\n\n\n\n<figure class=\"wp-block-image size-large\"><img decoding=\"async\" data-id=\"4842\" src=\"https:\/\/futursostenible.org\/wp-content\/uploads\/2025\/11\/DSC07212-1-1024x576.jpg\" alt=\"\" class=\"wp-image-4842\"\/><\/figure>\n\n\n\n<figure class=\"wp-block-image size-large\"><img decoding=\"async\" data-id=\"4835\" src=\"https:\/\/futursostenible.org\/wp-content\/uploads\/2025\/11\/DSC07217-1024x616.jpg\" alt=\"\" class=\"wp-image-4835\"\/><\/figure>\n\n\n\n<figure class=\"wp-block-image size-large\"><img decoding=\"async\" data-id=\"4841\" src=\"https:\/\/futursostenible.org\/wp-content\/uploads\/2025\/11\/DSC07246-1024x576.jpg\" alt=\"\" class=\"wp-image-4841\"\/><\/figure>\n\n\n\n<figure class=\"wp-block-image size-large\"><img decoding=\"async\" data-id=\"4840\" src=\"https:\/\/futursostenible.org\/wp-content\/uploads\/2025\/11\/DSC07267-1024x576.jpg\" alt=\"\" class=\"wp-image-4840\"\/><\/figure>\n\n\n\n<figure class=\"wp-block-image size-large\"><img decoding=\"async\" data-id=\"4838\" src=\"https:\/\/futursostenible.org\/wp-content\/uploads\/2025\/11\/DSC07282-1024x576.jpg\" alt=\"\" class=\"wp-image-4838\"\/><\/figure>\n\n\n\n<figure class=\"wp-block-image size-large\"><img decoding=\"async\" data-id=\"4834\" src=\"https:\/\/futursostenible.org\/wp-content\/uploads\/2025\/11\/DSC07284-1024x622.jpg\" alt=\"\" class=\"wp-image-4834\"\/><\/figure>\n\n\n\n<figure class=\"wp-block-image size-large\"><img decoding=\"async\" data-id=\"4836\" src=\"https:\/\/futursostenible.org\/wp-content\/uploads\/2025\/11\/DSC07285-1024x576.jpg\" alt=\"\" class=\"wp-image-4836\"\/><\/figure>\n\n\n\n<figure class=\"wp-block-image size-large\"><img decoding=\"async\" data-id=\"4837\" src=\"https:\/\/futursostenible.org\/wp-content\/uploads\/2025\/11\/DSC07286-1024x607.jpg\" alt=\"\" class=\"wp-image-4837\"\/><\/figure>\n\n\n\n<figure class=\"wp-block-image size-large\"><img decoding=\"async\" data-id=\"4833\" src=\"https:\/\/futursostenible.org\/wp-content\/uploads\/2025\/11\/DSC07289-1024x704.jpg\" alt=\"\" class=\"wp-image-4833\"\/><\/figure>\n\n\n\n<figure class=\"wp-block-image size-large\"><img decoding=\"async\" data-id=\"4845\" src=\"https:\/\/futursostenible.org\/wp-content\/uploads\/2025\/11\/DSC07308-1024x576.jpg\" alt=\"\" class=\"wp-image-4845\"\/><\/figure>\n<\/figure>\n\n<figure class=\"wp-block-gallery has-nested-images columns-2 is-cropped wp-block-gallery-5 is-layout-flex wp-block-gallery-is-layout-flex\">\n<figure class=\"wp-block-image size-large\"><img decoding=\"async\" data-id=\"4851\" src=\"https:\/\/futursostenible.org\/wp-content\/uploads\/2025\/11\/DSC07310-1024x576.jpg\" alt=\"\" class=\"wp-image-4851\"\/><\/figure>\n\n\n\n<figure class=\"wp-block-image size-large\"><img decoding=\"async\" data-id=\"4855\" src=\"https:\/\/futursostenible.org\/wp-content\/uploads\/2025\/11\/DSC07316-1024x576.jpg\" alt=\"\" class=\"wp-image-4855\"\/><\/figure>\n\n\n\n<figure class=\"wp-block-image size-large\"><img decoding=\"async\" data-id=\"4850\" src=\"https:\/\/futursostenible.org\/wp-content\/uploads\/2025\/11\/DSC07320-1024x576.jpg\" alt=\"\" class=\"wp-image-4850\"\/><\/figure>\n\n\n\n<figure class=\"wp-block-image size-large\"><img decoding=\"async\" data-id=\"4849\" src=\"https:\/\/futursostenible.org\/wp-content\/uploads\/2025\/11\/DSC07333-1024x643.jpg\" alt=\"\" class=\"wp-image-4849\"\/><\/figure>\n\n\n\n<figure class=\"wp-block-image size-large\"><img decoding=\"async\" data-id=\"4848\" src=\"https:\/\/futursostenible.org\/wp-content\/uploads\/2025\/11\/DSC07339-1024x649.jpg\" alt=\"\" class=\"wp-image-4848\"\/><\/figure>\n\n\n\n<figure class=\"wp-block-image size-large\"><img decoding=\"async\" data-id=\"4847\" src=\"https:\/\/futursostenible.org\/wp-content\/uploads\/2025\/11\/DSC07340-1024x617.jpg\" alt=\"\" class=\"wp-image-4847\"\/><\/figure>\n\n\n\n<figure class=\"wp-block-image size-large\"><img decoding=\"async\" data-id=\"4854\" src=\"https:\/\/futursostenible.org\/wp-content\/uploads\/2025\/11\/DSC07350-1024x639.jpg\" alt=\"\" class=\"wp-image-4854\"\/><\/figure>\n\n\n\n<figure class=\"wp-block-image size-large\"><img decoding=\"async\" data-id=\"4852\" src=\"https:\/\/futursostenible.org\/wp-content\/uploads\/2025\/11\/DSC07358-1024x744.jpg\" alt=\"\" class=\"wp-image-4852\"\/><\/figure>\n\n\n\n<figure class=\"wp-block-image size-large\"><img decoding=\"async\" data-id=\"4856\" src=\"https:\/\/futursostenible.org\/wp-content\/uploads\/2025\/11\/DSC07362-1024x654.jpg\" alt=\"\" class=\"wp-image-4856\"\/><\/figure>\n\n\n\n<figure class=\"wp-block-image size-large\"><img decoding=\"async\" data-id=\"4853\" src=\"https:\/\/futursostenible.org\/wp-content\/uploads\/2025\/11\/DSC07378-1024x662.jpg\" alt=\"\" class=\"wp-image-4853\"\/><\/figure>\n\n\n\n<figure class=\"wp-block-image size-large\"><img decoding=\"async\" data-id=\"4858\" src=\"https:\/\/futursostenible.org\/wp-content\/uploads\/2025\/11\/DSC07383-1024x576.jpg\" alt=\"\" class=\"wp-image-4858\"\/><\/figure>\n\n\n\n<figure class=\"wp-block-image size-large\"><img decoding=\"async\" data-id=\"4857\" src=\"https:\/\/futursostenible.org\/wp-content\/uploads\/2025\/11\/DSC07385-1024x576.jpg\" alt=\"\" class=\"wp-image-4857\"\/><\/figure>\n<\/figure>\n\n<figure class=\"wp-block-gallery has-nested-images columns-2 is-cropped wp-block-gallery-6 is-layout-flex wp-block-gallery-is-layout-flex\">\n<figure class=\"wp-block-image size-large\"><img decoding=\"async\" data-id=\"4860\" src=\"https:\/\/futursostenible.org\/wp-content\/uploads\/2025\/11\/DSC07300-576x1024.jpg\" alt=\"\" class=\"wp-image-4860\"\/><\/figure>\n\n\n\n<figure class=\"wp-block-image size-large\"><img decoding=\"async\" data-id=\"4863\" src=\"https:\/\/futursostenible.org\/wp-content\/uploads\/2025\/11\/DSC07366-605x1024.jpg\" alt=\"\" class=\"wp-image-4863\"\/><\/figure>\n\n\n\n<figure class=\"wp-block-image size-large\"><img decoding=\"async\" data-id=\"4859\" src=\"https:\/\/futursostenible.org\/wp-content\/uploads\/2025\/11\/DSC07370-601x1024.jpg\" alt=\"\" class=\"wp-image-4859\"\/><\/figure>\n\n\n\n<figure class=\"wp-block-image size-large\"><img decoding=\"async\" data-id=\"4865\" src=\"https:\/\/futursostenible.org\/wp-content\/uploads\/2025\/11\/DSC07373-623x1024.jpg\" alt=\"\" class=\"wp-image-4865\"\/><\/figure>\n\n\n\n<figure class=\"wp-block-image size-large\"><img decoding=\"async\" data-id=\"4861\" src=\"https:\/\/futursostenible.org\/wp-content\/uploads\/2025\/11\/DSC07374-576x1024.jpg\" alt=\"\" class=\"wp-image-4861\"\/><\/figure>\n\n\n\n<figure class=\"wp-block-image size-large\"><img decoding=\"async\" data-id=\"4864\" src=\"https:\/\/futursostenible.org\/wp-content\/uploads\/2025\/11\/DSC07387-576x1024.jpg\" alt=\"\" class=\"wp-image-4864\"\/><\/figure>\n\n\n\n<figure class=\"wp-block-image size-large\"><img decoding=\"async\" data-id=\"4866\" src=\"https:\/\/futursostenible.org\/wp-content\/uploads\/2025\/11\/DSC07389-576x1024.jpg\" alt=\"\" class=\"wp-image-4866\"\/><\/figure>\n\n\n\n<figure class=\"wp-block-image size-large\"><img decoding=\"async\" data-id=\"4867\" src=\"https:\/\/futursostenible.org\/wp-content\/uploads\/2025\/11\/DSC07390-576x1024.jpg\" alt=\"\" class=\"wp-image-4867\"\/><\/figure>\n\n\n\n<figure class=\"wp-block-image size-large\"><img decoding=\"async\" data-id=\"4868\" src=\"https:\/\/futursostenible.org\/wp-content\/uploads\/2025\/11\/DSC07393-576x1024.jpg\" alt=\"\" class=\"wp-image-4868\"\/><\/figure>\n\n\n\n<figure class=\"wp-block-image size-large\"><img decoding=\"async\" data-id=\"4862\" src=\"https:\/\/futursostenible.org\/wp-content\/uploads\/2025\/11\/DSC07410-609x1024.jpg\" alt=\"\" class=\"wp-image-4862\"\/><\/figure>\n<\/figure>\n","protected":false},"excerpt":{"rendered":"<p>Mira todas las fotos del encuentro de educaci\u00f3n transformadora en torno a la Econom\u00eda del Bien Com\u00fan \ud83d\udcf8Mira totes les fotos de la trobada d&#8217;educaci\u00f3 transformadora entorn de l&#8217;Economia del B\u00e9 Com\u00fa \ud83d\udcf8 El 15 y 16 de noviembre, 25 docentes de diferentes institutos de la Comunidad Valenciana, se reunieron en la Jornada \u201cEducaci\u00f3n transformadora [&hellip;]<\/p>\n","protected":false},"author":8,"featured_media":15293,"comment_status":"open","ping_status":"open","sticky":true,"template":"","format":"standard","meta":{"give_campaign_id":0,"footnotes":""},"categories":[328,350],"tags":[],"class_list":["post-15297","post","type-post","status-publish","format-standard","has-post-thumbnail","hentry","category-economia-del-bien-comun","category-xarxa-de-centres-futur-sostenible"],"yoast_head":"<!-- This site is optimized with the Yoast SEO plugin v27.0 - https:\/\/yoast.com\/product\/yoast-seo-wordpress\/ -->\n<title>25 docentes de la Red de Centros Educativos Futuro Sostenible reunidos en Caudiel para fortalecer la educaci\u00f3n transformadora por el Bien Com\u00fan - Novessendes<\/title>\n<meta name=\"robots\" content=\"index, follow, max-snippet:-1, max-image-preview:large, max-video-preview:-1\" \/>\n<link rel=\"canonical\" href=\"https:\/\/novessendes.org\/es\/25-docentes-de-la-red-de-centros-educativos-futuro-sostenible-reunidos-en-caudiel-para-fortalecer-la-educacion-transformadora-por-el-bien-comun\/\" \/>\n<meta property=\"og:locale\" content=\"es_ES\" \/>\n<meta property=\"og:type\" content=\"article\" \/>\n<meta property=\"og:title\" content=\"25 docentes de la Red de Centros Educativos Futuro Sostenible reunidos en Caudiel para fortalecer la educaci\u00f3n transformadora por el Bien Com\u00fan - Novessendes\" \/>\n<meta property=\"og:description\" content=\"Mira todas las fotos del encuentro de educaci\u00f3n transformadora en torno a la Econom\u00eda del Bien Com\u00fan \ud83d\udcf8Mira totes les fotos de la trobada d&#8217;educaci\u00f3 transformadora entorn de l&#8217;Economia del B\u00e9 Com\u00fa \ud83d\udcf8 El 15 y 16 de noviembre, 25 docentes de diferentes institutos de la Comunidad Valenciana, se reunieron en la Jornada \u201cEducaci\u00f3n transformadora [&hellip;]\" \/>\n<meta property=\"og:url\" content=\"https:\/\/novessendes.org\/es\/25-docentes-de-la-red-de-centros-educativos-futuro-sostenible-reunidos-en-caudiel-para-fortalecer-la-educacion-transformadora-por-el-bien-comun\/\" \/>\n<meta property=\"og:site_name\" content=\"Novessendes\" \/>\n<meta property=\"article:published_time\" content=\"2025-11-25T12:36:09+00:00\" \/>\n<meta property=\"article:modified_time\" content=\"2025-11-25T14:07:47+00:00\" \/>\n<meta property=\"og:image\" content=\"https:\/\/novessendes.org\/wp-content\/uploads\/2025\/11\/WhatsApp-Image-2025-11-15-at-15.55.09.jpeg\" \/>\n\t<meta property=\"og:image:width\" content=\"2048\" \/>\n\t<meta property=\"og:image:height\" content=\"1536\" \/>\n\t<meta property=\"og:image:type\" content=\"image\/jpeg\" \/>\n<meta name=\"author\" content=\"Admin Novessendes\" \/>\n<meta name=\"twitter:card\" content=\"summary_large_image\" \/>\n<meta name=\"twitter:label1\" content=\"Escrito por\" \/>\n\t<meta name=\"twitter:data1\" content=\"Admin Novessendes\" \/>\n\t<meta name=\"twitter:label2\" content=\"Tiempo de lectura\" \/>\n\t<meta name=\"twitter:data2\" content=\"2 minutos\" \/>\n<script type=\"application\/ld+json\" class=\"yoast-schema-graph\">{\"@context\":\"https:\/\/schema.org\",\"@graph\":[{\"@type\":\"Article\",\"@id\":\"https:\/\/novessendes.org\/es\/25-docentes-de-la-red-de-centros-educativos-futuro-sostenible-reunidos-en-caudiel-para-fortalecer-la-educacion-transformadora-por-el-bien-comun\/#article\",\"isPartOf\":{\"@id\":\"https:\/\/novessendes.org\/es\/25-docentes-de-la-red-de-centros-educativos-futuro-sostenible-reunidos-en-caudiel-para-fortalecer-la-educacion-transformadora-por-el-bien-comun\/\"},\"author\":{\"name\":\"Admin Novessendes\",\"@id\":\"https:\/\/novessendes.org\/es\/#\/schema\/person\/5b688f9bdc96e66d067e94b8675dd027\"},\"headline\":\"25 docentes de la Red de Centros Educativos Futuro Sostenible reunidos en Caudiel para fortalecer la educaci\u00f3n transformadora por el Bien Com\u00fan\",\"datePublished\":\"2025-11-25T12:36:09+00:00\",\"dateModified\":\"2025-11-25T14:07:47+00:00\",\"mainEntityOfPage\":{\"@id\":\"https:\/\/novessendes.org\/es\/25-docentes-de-la-red-de-centros-educativos-futuro-sostenible-reunidos-en-caudiel-para-fortalecer-la-educacion-transformadora-por-el-bien-comun\/\"},\"wordCount\":502,\"commentCount\":0,\"publisher\":{\"@id\":\"https:\/\/novessendes.org\/es\/#organization\"},\"image\":{\"@id\":\"https:\/\/novessendes.org\/es\/25-docentes-de-la-red-de-centros-educativos-futuro-sostenible-reunidos-en-caudiel-para-fortalecer-la-educacion-transformadora-por-el-bien-comun\/#primaryimage\"},\"thumbnailUrl\":\"https:\/\/novessendes.org\/wp-content\/uploads\/2025\/11\/WhatsApp-Image-2025-11-15-at-15.55.09.jpeg\",\"articleSection\":[\"Econom\u00eda del bien com\u00fan\",\"Xarxa de Centres Futur Sostenible\"],\"inLanguage\":\"es\",\"potentialAction\":[{\"@type\":\"CommentAction\",\"name\":\"Comment\",\"target\":[\"https:\/\/novessendes.org\/es\/25-docentes-de-la-red-de-centros-educativos-futuro-sostenible-reunidos-en-caudiel-para-fortalecer-la-educacion-transformadora-por-el-bien-comun\/#respond\"]}]},{\"@type\":\"WebPage\",\"@id\":\"https:\/\/novessendes.org\/es\/25-docentes-de-la-red-de-centros-educativos-futuro-sostenible-reunidos-en-caudiel-para-fortalecer-la-educacion-transformadora-por-el-bien-comun\/\",\"url\":\"https:\/\/novessendes.org\/es\/25-docentes-de-la-red-de-centros-educativos-futuro-sostenible-reunidos-en-caudiel-para-fortalecer-la-educacion-transformadora-por-el-bien-comun\/\",\"name\":\"25 docentes de la Red de Centros Educativos Futuro Sostenible reunidos en Caudiel para fortalecer la educaci\u00f3n transformadora por el Bien Com\u00fan - Novessendes\",\"isPartOf\":{\"@id\":\"https:\/\/novessendes.org\/es\/#website\"},\"primaryImageOfPage\":{\"@id\":\"https:\/\/novessendes.org\/es\/25-docentes-de-la-red-de-centros-educativos-futuro-sostenible-reunidos-en-caudiel-para-fortalecer-la-educacion-transformadora-por-el-bien-comun\/#primaryimage\"},\"image\":{\"@id\":\"https:\/\/novessendes.org\/es\/25-docentes-de-la-red-de-centros-educativos-futuro-sostenible-reunidos-en-caudiel-para-fortalecer-la-educacion-transformadora-por-el-bien-comun\/#primaryimage\"},\"thumbnailUrl\":\"https:\/\/novessendes.org\/wp-content\/uploads\/2025\/11\/WhatsApp-Image-2025-11-15-at-15.55.09.jpeg\",\"datePublished\":\"2025-11-25T12:36:09+00:00\",\"dateModified\":\"2025-11-25T14:07:47+00:00\",\"breadcrumb\":{\"@id\":\"https:\/\/novessendes.org\/es\/25-docentes-de-la-red-de-centros-educativos-futuro-sostenible-reunidos-en-caudiel-para-fortalecer-la-educacion-transformadora-por-el-bien-comun\/#breadcrumb\"},\"inLanguage\":\"es\",\"potentialAction\":[{\"@type\":\"ReadAction\",\"target\":[\"https:\/\/novessendes.org\/es\/25-docentes-de-la-red-de-centros-educativos-futuro-sostenible-reunidos-en-caudiel-para-fortalecer-la-educacion-transformadora-por-el-bien-comun\/\"]}]},{\"@type\":\"ImageObject\",\"inLanguage\":\"es\",\"@id\":\"https:\/\/novessendes.org\/es\/25-docentes-de-la-red-de-centros-educativos-futuro-sostenible-reunidos-en-caudiel-para-fortalecer-la-educacion-transformadora-por-el-bien-comun\/#primaryimage\",\"url\":\"https:\/\/novessendes.org\/wp-content\/uploads\/2025\/11\/WhatsApp-Image-2025-11-15-at-15.55.09.jpeg\",\"contentUrl\":\"https:\/\/novessendes.org\/wp-content\/uploads\/2025\/11\/WhatsApp-Image-2025-11-15-at-15.55.09.jpeg\",\"width\":2048,\"height\":1536},{\"@type\":\"BreadcrumbList\",\"@id\":\"https:\/\/novessendes.org\/es\/25-docentes-de-la-red-de-centros-educativos-futuro-sostenible-reunidos-en-caudiel-para-fortalecer-la-educacion-transformadora-por-el-bien-comun\/#breadcrumb\",\"itemListElement\":[{\"@type\":\"ListItem\",\"position\":1,\"name\":\"Portada\",\"item\":\"https:\/\/novessendes.org\/es\/\"},{\"@type\":\"ListItem\",\"position\":2,\"name\":\"25 docentes de la Red de Centros Educativos Futuro Sostenible reunidos en Caudiel para fortalecer la educaci\u00f3n transformadora por el Bien Com\u00fan\"}]},{\"@type\":\"WebSite\",\"@id\":\"https:\/\/novessendes.org\/es\/#website\",\"url\":\"https:\/\/novessendes.org\/es\/\",\"name\":\"Novessendes\",\"description\":\"Fundaci\u00f3 c\u00edvica Novessendes per millorar el benestar i progr\u00e9s dels ciutadans\",\"publisher\":{\"@id\":\"https:\/\/novessendes.org\/es\/#organization\"},\"potentialAction\":[{\"@type\":\"SearchAction\",\"target\":{\"@type\":\"EntryPoint\",\"urlTemplate\":\"https:\/\/novessendes.org\/es\/?s={search_term_string}\"},\"query-input\":{\"@type\":\"PropertyValueSpecification\",\"valueRequired\":true,\"valueName\":\"search_term_string\"}}],\"inLanguage\":\"es\"},{\"@type\":\"Organization\",\"@id\":\"https:\/\/novessendes.org\/es\/#organization\",\"name\":\"Novessendes\",\"url\":\"https:\/\/novessendes.org\/es\/\",\"logo\":{\"@type\":\"ImageObject\",\"inLanguage\":\"es\",\"@id\":\"https:\/\/novessendes.org\/es\/#\/schema\/logo\/image\/\",\"url\":\"https:\/\/novessendes.org\/wp-content\/uploads\/2020\/09\/logo-novessendes.png\",\"contentUrl\":\"https:\/\/novessendes.org\/wp-content\/uploads\/2020\/09\/logo-novessendes.png\",\"width\":160,\"height\":80,\"caption\":\"Novessendes\"},\"image\":{\"@id\":\"https:\/\/novessendes.org\/es\/#\/schema\/logo\/image\/\"}},{\"@type\":\"Person\",\"@id\":\"https:\/\/novessendes.org\/es\/#\/schema\/person\/5b688f9bdc96e66d067e94b8675dd027\",\"name\":\"Admin Novessendes\",\"image\":{\"@type\":\"ImageObject\",\"inLanguage\":\"es\",\"@id\":\"https:\/\/novessendes.org\/es\/#\/schema\/person\/image\/\",\"url\":\"https:\/\/secure.gravatar.com\/avatar\/f570170ef07d772c0214ae16f4bd012de5204cd9026ce193e78683d57262b91a?s=96&d=mm&r=g\",\"contentUrl\":\"https:\/\/secure.gravatar.com\/avatar\/f570170ef07d772c0214ae16f4bd012de5204cd9026ce193e78683d57262b91a?s=96&d=mm&r=g\",\"caption\":\"Admin Novessendes\"},\"sameAs\":[\"http:\/\/novessendes.org\"],\"url\":\"https:\/\/novessendes.org\/es\/author\/admin-novessendes\/\"}]}<\/script>\n<!-- \/ Yoast SEO plugin. -->","yoast_head_json":{"title":"25 docentes de la Red de Centros Educativos Futuro Sostenible reunidos en Caudiel para fortalecer la educaci\u00f3n transformadora por el Bien Com\u00fan - Novessendes","robots":{"index":"index","follow":"follow","max-snippet":"max-snippet:-1","max-image-preview":"max-image-preview:large","max-video-preview":"max-video-preview:-1"},"canonical":"https:\/\/novessendes.org\/es\/25-docentes-de-la-red-de-centros-educativos-futuro-sostenible-reunidos-en-caudiel-para-fortalecer-la-educacion-transformadora-por-el-bien-comun\/","og_locale":"es_ES","og_type":"article","og_title":"25 docentes de la Red de Centros Educativos Futuro Sostenible reunidos en Caudiel para fortalecer la educaci\u00f3n transformadora por el Bien Com\u00fan - Novessendes","og_description":"Mira todas las fotos del encuentro de educaci\u00f3n transformadora en torno a la Econom\u00eda del Bien Com\u00fan \ud83d\udcf8Mira totes les fotos de la trobada d&#8217;educaci\u00f3 transformadora entorn de l&#8217;Economia del B\u00e9 Com\u00fa \ud83d\udcf8 El 15 y 16 de noviembre, 25 docentes de diferentes institutos de la Comunidad Valenciana, se reunieron en la Jornada \u201cEducaci\u00f3n transformadora [&hellip;]","og_url":"https:\/\/novessendes.org\/es\/25-docentes-de-la-red-de-centros-educativos-futuro-sostenible-reunidos-en-caudiel-para-fortalecer-la-educacion-transformadora-por-el-bien-comun\/","og_site_name":"Novessendes","article_published_time":"2025-11-25T12:36:09+00:00","article_modified_time":"2025-11-25T14:07:47+00:00","og_image":[{"width":2048,"height":1536,"url":"https:\/\/novessendes.org\/wp-content\/uploads\/2025\/11\/WhatsApp-Image-2025-11-15-at-15.55.09.jpeg","type":"image\/jpeg"}],"author":"Admin Novessendes","twitter_card":"summary_large_image","twitter_misc":{"Escrito por":"Admin Novessendes","Tiempo de lectura":"2 minutos"},"schema":{"@context":"https:\/\/schema.org","@graph":[{"@type":"Article","@id":"https:\/\/novessendes.org\/es\/25-docentes-de-la-red-de-centros-educativos-futuro-sostenible-reunidos-en-caudiel-para-fortalecer-la-educacion-transformadora-por-el-bien-comun\/#article","isPartOf":{"@id":"https:\/\/novessendes.org\/es\/25-docentes-de-la-red-de-centros-educativos-futuro-sostenible-reunidos-en-caudiel-para-fortalecer-la-educacion-transformadora-por-el-bien-comun\/"},"author":{"name":"Admin Novessendes","@id":"https:\/\/novessendes.org\/es\/#\/schema\/person\/5b688f9bdc96e66d067e94b8675dd027"},"headline":"25 docentes de la Red de Centros Educativos Futuro Sostenible reunidos en Caudiel para fortalecer la educaci\u00f3n transformadora por el Bien Com\u00fan","datePublished":"2025-11-25T12:36:09+00:00","dateModified":"2025-11-25T14:07:47+00:00","mainEntityOfPage":{"@id":"https:\/\/novessendes.org\/es\/25-docentes-de-la-red-de-centros-educativos-futuro-sostenible-reunidos-en-caudiel-para-fortalecer-la-educacion-transformadora-por-el-bien-comun\/"},"wordCount":502,"commentCount":0,"publisher":{"@id":"https:\/\/novessendes.org\/es\/#organization"},"image":{"@id":"https:\/\/novessendes.org\/es\/25-docentes-de-la-red-de-centros-educativos-futuro-sostenible-reunidos-en-caudiel-para-fortalecer-la-educacion-transformadora-por-el-bien-comun\/#primaryimage"},"thumbnailUrl":"https:\/\/novessendes.org\/wp-content\/uploads\/2025\/11\/WhatsApp-Image-2025-11-15-at-15.55.09.jpeg","articleSection":["Econom\u00eda del bien com\u00fan","Xarxa de Centres Futur Sostenible"],"inLanguage":"es","potentialAction":[{"@type":"CommentAction","name":"Comment","target":["https:\/\/novessendes.org\/es\/25-docentes-de-la-red-de-centros-educativos-futuro-sostenible-reunidos-en-caudiel-para-fortalecer-la-educacion-transformadora-por-el-bien-comun\/#respond"]}]},{"@type":"WebPage","@id":"https:\/\/novessendes.org\/es\/25-docentes-de-la-red-de-centros-educativos-futuro-sostenible-reunidos-en-caudiel-para-fortalecer-la-educacion-transformadora-por-el-bien-comun\/","url":"https:\/\/novessendes.org\/es\/25-docentes-de-la-red-de-centros-educativos-futuro-sostenible-reunidos-en-caudiel-para-fortalecer-la-educacion-transformadora-por-el-bien-comun\/","name":"25 docentes de la Red de Centros Educativos Futuro Sostenible reunidos en Caudiel para fortalecer la educaci\u00f3n transformadora por el Bien Com\u00fan - Novessendes","isPartOf":{"@id":"https:\/\/novessendes.org\/es\/#website"},"primaryImageOfPage":{"@id":"https:\/\/novessendes.org\/es\/25-docentes-de-la-red-de-centros-educativos-futuro-sostenible-reunidos-en-caudiel-para-fortalecer-la-educacion-transformadora-por-el-bien-comun\/#primaryimage"},"image":{"@id":"https:\/\/novessendes.org\/es\/25-docentes-de-la-red-de-centros-educativos-futuro-sostenible-reunidos-en-caudiel-para-fortalecer-la-educacion-transformadora-por-el-bien-comun\/#primaryimage"},"thumbnailUrl":"https:\/\/novessendes.org\/wp-content\/uploads\/2025\/11\/WhatsApp-Image-2025-11-15-at-15.55.09.jpeg","datePublished":"2025-11-25T12:36:09+00:00","dateModified":"2025-11-25T14:07:47+00:00","breadcrumb":{"@id":"https:\/\/novessendes.org\/es\/25-docentes-de-la-red-de-centros-educativos-futuro-sostenible-reunidos-en-caudiel-para-fortalecer-la-educacion-transformadora-por-el-bien-comun\/#breadcrumb"},"inLanguage":"es","potentialAction":[{"@type":"ReadAction","target":["https:\/\/novessendes.org\/es\/25-docentes-de-la-red-de-centros-educativos-futuro-sostenible-reunidos-en-caudiel-para-fortalecer-la-educacion-transformadora-por-el-bien-comun\/"]}]},{"@type":"ImageObject","inLanguage":"es","@id":"https:\/\/novessendes.org\/es\/25-docentes-de-la-red-de-centros-educativos-futuro-sostenible-reunidos-en-caudiel-para-fortalecer-la-educacion-transformadora-por-el-bien-comun\/#primaryimage","url":"https:\/\/novessendes.org\/wp-content\/uploads\/2025\/11\/WhatsApp-Image-2025-11-15-at-15.55.09.jpeg","contentUrl":"https:\/\/novessendes.org\/wp-content\/uploads\/2025\/11\/WhatsApp-Image-2025-11-15-at-15.55.09.jpeg","width":2048,"height":1536},{"@type":"BreadcrumbList","@id":"https:\/\/novessendes.org\/es\/25-docentes-de-la-red-de-centros-educativos-futuro-sostenible-reunidos-en-caudiel-para-fortalecer-la-educacion-transformadora-por-el-bien-comun\/#breadcrumb","itemListElement":[{"@type":"ListItem","position":1,"name":"Portada","item":"https:\/\/novessendes.org\/es\/"},{"@type":"ListItem","position":2,"name":"25 docentes de la Red de Centros Educativos Futuro Sostenible reunidos en Caudiel para fortalecer la educaci\u00f3n transformadora por el Bien Com\u00fan"}]},{"@type":"WebSite","@id":"https:\/\/novessendes.org\/es\/#website","url":"https:\/\/novessendes.org\/es\/","name":"Novessendes","description":"Fundaci\u00f3 c\u00edvica Novessendes per millorar el benestar i progr\u00e9s dels ciutadans","publisher":{"@id":"https:\/\/novessendes.org\/es\/#organization"},"potentialAction":[{"@type":"SearchAction","target":{"@type":"EntryPoint","urlTemplate":"https:\/\/novessendes.org\/es\/?s={search_term_string}"},"query-input":{"@type":"PropertyValueSpecification","valueRequired":true,"valueName":"search_term_string"}}],"inLanguage":"es"},{"@type":"Organization","@id":"https:\/\/novessendes.org\/es\/#organization","name":"Novessendes","url":"https:\/\/novessendes.org\/es\/","logo":{"@type":"ImageObject","inLanguage":"es","@id":"https:\/\/novessendes.org\/es\/#\/schema\/logo\/image\/","url":"https:\/\/novessendes.org\/wp-content\/uploads\/2020\/09\/logo-novessendes.png","contentUrl":"https:\/\/novessendes.org\/wp-content\/uploads\/2020\/09\/logo-novessendes.png","width":160,"height":80,"caption":"Novessendes"},"image":{"@id":"https:\/\/novessendes.org\/es\/#\/schema\/logo\/image\/"}},{"@type":"Person","@id":"https:\/\/novessendes.org\/es\/#\/schema\/person\/5b688f9bdc96e66d067e94b8675dd027","name":"Admin Novessendes","image":{"@type":"ImageObject","inLanguage":"es","@id":"https:\/\/novessendes.org\/es\/#\/schema\/person\/image\/","url":"https:\/\/secure.gravatar.com\/avatar\/f570170ef07d772c0214ae16f4bd012de5204cd9026ce193e78683d57262b91a?s=96&d=mm&r=g","contentUrl":"https:\/\/secure.gravatar.com\/avatar\/f570170ef07d772c0214ae16f4bd012de5204cd9026ce193e78683d57262b91a?s=96&d=mm&r=g","caption":"Admin Novessendes"},"sameAs":["http:\/\/novessendes.org"],"url":"https:\/\/novessendes.org\/es\/author\/admin-novessendes\/"}]}},"_links":{"self":[{"href":"https:\/\/novessendes.org\/es\/wp-json\/wp\/v2\/posts\/15297","targetHints":{"allow":["GET"]}}],"collection":[{"href":"https:\/\/novessendes.org\/es\/wp-json\/wp\/v2\/posts"}],"about":[{"href":"https:\/\/novessendes.org\/es\/wp-json\/wp\/v2\/types\/post"}],"author":[{"embeddable":true,"href":"https:\/\/novessendes.org\/es\/wp-json\/wp\/v2\/users\/8"}],"replies":[{"embeddable":true,"href":"https:\/\/novessendes.org\/es\/wp-json\/wp\/v2\/comments?post=15297"}],"version-history":[{"count":1,"href":"https:\/\/novessendes.org\/es\/wp-json\/wp\/v2\/posts\/15297\/revisions"}],"predecessor-version":[{"id":15298,"href":"https:\/\/novessendes.org\/es\/wp-json\/wp\/v2\/posts\/15297\/revisions\/15298"}],"wp:featuredmedia":[{"embeddable":true,"href":"https:\/\/novessendes.org\/es\/wp-json\/wp\/v2\/media\/15293"}],"wp:attachment":[{"href":"https:\/\/novessendes.org\/es\/wp-json\/wp\/v2\/media?parent=15297"}],"wp:term":[{"taxonomy":"category","embeddable":true,"href":"https:\/\/novessendes.org\/es\/wp-json\/wp\/v2\/categories?post=15297"},{"taxonomy":"post_tag","embeddable":true,"href":"https:\/\/novessendes.org\/es\/wp-json\/wp\/v2\/tags?post=15297"}],"curies":[{"name":"wp","href":"https:\/\/api.w.org\/{rel}","templated":true}]}}