{"id":15660,"date":"2026-03-09T16:04:49","date_gmt":"2026-03-09T14:04:49","guid":{"rendered":"https:\/\/novessendes.org\/hacemos-red-con-la-economia-social-y-solidaria\/"},"modified":"2026-03-09T16:11:23","modified_gmt":"2026-03-09T14:11:23","slug":"hacemos-red-con-la-economia-social-y-solidaria","status":"publish","type":"post","link":"https:\/\/novessendes.org\/es\/hacemos-red-con-la-economia-social-y-solidaria\/","title":{"rendered":"Hacemos red con la econom\u00eda social y solidaria"},"content":{"rendered":"\n<p>El pasado viernes 27 de febrero, el equipo t\u00e9cnico de la <strong>Fundaci\u00f3n Novessendes<\/strong> particip\u00f3 en el encuentro de trabajo organizada por la <strong>XEAS Pa\u00eds Valenciano<\/strong>, celebrada en el espacio a <a href=\"https:\/\/landana.transversalcoop.org\/\" target=\"_blank\" rel=\"noreferrer noopener\">Andana<\/a> de Castell\u00f3 de la Plana. La reuni\u00f3n reuni\u00f3 varias entidades miembros de la red con el objetivo de continuar avanzando en el desarrollo de su plan estrat\u00e9gico. <\/p>\n\n<p>Durante la jornada se abordaron cuatro l\u00edneas estrat\u00e9gicas de trabajo: el arraigo en el territorio y la presencia territorial de las entidades; la coordinaci\u00f3n entre proyectos para reforzar el trabajo en red; el aumento de la base social mediante la incorporaci\u00f3n de nuevas personas y entidades socias; y la incidencia pol\u00edtica y social, orientada a fortalecer las relaciones con las administraciones p\u00fablicas y otros agentes sociales.<\/p>\n\n<p>Las diferentes l\u00edneas de actuaci\u00f3n se trabajaron en grupos, facilitando el intercambio de experiencias y la generaci\u00f3n de propuestas concretas. Posteriormente, cada grupo comparti\u00f3 sus conclusiones en una puesta en com\u00fan que permiti\u00f3 recoger ideas e iniciativas para continuar reforzando el proyecto colectivo de la econom\u00eda social y solidaria en el territorio. <\/p>\n\n<p>El encuentro concluy\u00f3 con una comida compartida entre las personas participantes, un momento distendido para continuar tejiendo relaciones y consolidando v\u00ednculos entre las entidades de la red. Desde Novessendes se valora muy positivamente estos espacios de coordinaci\u00f3n, que contribuyen a fortalecer el trabajo colectivo y a impulsar iniciativas transformadoras al servicio de la comunidad. <\/p>\n\n<figure class=\"wp-block-image size-large\"><img loading=\"lazy\" decoding=\"async\" width=\"1024\" height=\"578\" src=\"https:\/\/novessendes.org\/wp-content\/uploads\/2026\/03\/WhatsApp-Image-2026-03-09-at-14.55.14-1024x578.jpeg\" alt=\"\" class=\"wp-image-15657\" srcset=\"https:\/\/novessendes.org\/wp-content\/uploads\/2026\/03\/WhatsApp-Image-2026-03-09-at-14.55.14-1024x578.jpeg 1024w, https:\/\/novessendes.org\/wp-content\/uploads\/2026\/03\/WhatsApp-Image-2026-03-09-at-14.55.14-300x169.jpeg 300w, https:\/\/novessendes.org\/wp-content\/uploads\/2026\/03\/WhatsApp-Image-2026-03-09-at-14.55.14-768x433.jpeg 768w, https:\/\/novessendes.org\/wp-content\/uploads\/2026\/03\/WhatsApp-Image-2026-03-09-at-14.55.14.jpeg 1280w\" sizes=\"auto, (max-width: 1024px) 100vw, 1024px\" \/><\/figure>\n\n<figure class=\"wp-block-image size-large\"><img loading=\"lazy\" decoding=\"async\" width=\"1536\" height=\"1152\" src=\"https:\/\/novessendes.org\/wp-content\/uploads\/2026\/03\/WhatsApp-Image-2026-03-09-at-14.54.15-edited.jpeg\" alt=\"\" class=\"wp-image-15655\" srcset=\"https:\/\/novessendes.org\/wp-content\/uploads\/2026\/03\/WhatsApp-Image-2026-03-09-at-14.54.15-edited.jpeg 1536w, https:\/\/novessendes.org\/wp-content\/uploads\/2026\/03\/WhatsApp-Image-2026-03-09-at-14.54.15-edited-300x225.jpeg 300w, https:\/\/novessendes.org\/wp-content\/uploads\/2026\/03\/WhatsApp-Image-2026-03-09-at-14.54.15-edited-1024x768.jpeg 1024w, https:\/\/novessendes.org\/wp-content\/uploads\/2026\/03\/WhatsApp-Image-2026-03-09-at-14.54.15-edited-768x576.jpeg 768w\" sizes=\"auto, (max-width: 1536px) 100vw, 1536px\" \/><\/figure>\n\n<p><\/p>\n","protected":false},"excerpt":{"rendered":"<p>El pasado viernes 27 de febrero, el equipo t\u00e9cnico de la Fundaci\u00f3n Novessendes particip\u00f3 en el encuentro de trabajo organizada por la XEAS Pa\u00eds Valenciano, celebrada en el espacio a Andana de Castell\u00f3 de la Plana. La reuni\u00f3n reuni\u00f3 varias entidades miembros de la red con el objetivo de continuar avanzando en el desarrollo de [&hellip;]<\/p>\n","protected":false},"author":8,"featured_media":15654,"comment_status":"open","ping_status":"open","sticky":true,"template":"","format":"standard","meta":{"give_campaign_id":0,"footnotes":""},"categories":[328],"tags":[],"class_list":["post-15660","post","type-post","status-publish","format-standard","has-post-thumbnail","hentry","category-economia-del-bien-comun"],"yoast_head":"<!-- This site is optimized with the Yoast SEO plugin v27.0 - https:\/\/yoast.com\/product\/yoast-seo-wordpress\/ -->\n<title>Hacemos red con la econom\u00eda social y solidaria - Novessendes<\/title>\n<meta name=\"robots\" content=\"index, follow, max-snippet:-1, max-image-preview:large, max-video-preview:-1\" \/>\n<link rel=\"canonical\" href=\"https:\/\/novessendes.org\/es\/hacemos-red-con-la-economia-social-y-solidaria\/\" \/>\n<meta property=\"og:locale\" content=\"es_ES\" \/>\n<meta property=\"og:type\" content=\"article\" \/>\n<meta property=\"og:title\" content=\"Hacemos red con la econom\u00eda social y solidaria - Novessendes\" \/>\n<meta property=\"og:description\" content=\"El pasado viernes 27 de febrero, el equipo t\u00e9cnico de la Fundaci\u00f3n Novessendes particip\u00f3 en el encuentro de trabajo organizada por la XEAS Pa\u00eds Valenciano, celebrada en el espacio a Andana de Castell\u00f3 de la Plana. La reuni\u00f3n reuni\u00f3 varias entidades miembros de la red con el objetivo de continuar avanzando en el desarrollo de [&hellip;]\" \/>\n<meta property=\"og:url\" content=\"https:\/\/novessendes.org\/es\/hacemos-red-con-la-economia-social-y-solidaria\/\" \/>\n<meta property=\"og:site_name\" content=\"Novessendes\" \/>\n<meta property=\"article:published_time\" content=\"2026-03-09T14:04:49+00:00\" \/>\n<meta property=\"article:modified_time\" content=\"2026-03-09T14:11:23+00:00\" \/>\n<meta property=\"og:image\" content=\"https:\/\/novessendes.org\/wp-content\/uploads\/2026\/03\/WhatsApp-Image-2026-03-09-at-14.54.15.jpeg\" \/>\n\t<meta property=\"og:image:width\" content=\"1536\" \/>\n\t<meta property=\"og:image:height\" content=\"2048\" \/>\n\t<meta property=\"og:image:type\" content=\"image\/jpeg\" \/>\n<meta name=\"author\" content=\"Admin Novessendes\" \/>\n<meta name=\"twitter:card\" content=\"summary_large_image\" \/>\n<meta name=\"twitter:label1\" content=\"Escrito por\" \/>\n\t<meta name=\"twitter:data1\" content=\"Admin Novessendes\" \/>\n\t<meta name=\"twitter:label2\" content=\"Tiempo de lectura\" \/>\n\t<meta name=\"twitter:data2\" content=\"1 minuto\" \/>\n<script type=\"application\/ld+json\" class=\"yoast-schema-graph\">{\"@context\":\"https:\/\/schema.org\",\"@graph\":[{\"@type\":\"Article\",\"@id\":\"https:\/\/novessendes.org\/es\/hacemos-red-con-la-economia-social-y-solidaria\/#article\",\"isPartOf\":{\"@id\":\"https:\/\/novessendes.org\/es\/hacemos-red-con-la-economia-social-y-solidaria\/\"},\"author\":{\"name\":\"Admin Novessendes\",\"@id\":\"https:\/\/novessendes.org\/es\/#\/schema\/person\/5b688f9bdc96e66d067e94b8675dd027\"},\"headline\":\"Hacemos red con la econom\u00eda social y solidaria\",\"datePublished\":\"2026-03-09T14:04:49+00:00\",\"dateModified\":\"2026-03-09T14:11:23+00:00\",\"mainEntityOfPage\":{\"@id\":\"https:\/\/novessendes.org\/es\/hacemos-red-con-la-economia-social-y-solidaria\/\"},\"wordCount\":256,\"commentCount\":0,\"publisher\":{\"@id\":\"https:\/\/novessendes.org\/es\/#organization\"},\"image\":{\"@id\":\"https:\/\/novessendes.org\/es\/hacemos-red-con-la-economia-social-y-solidaria\/#primaryimage\"},\"thumbnailUrl\":\"https:\/\/novessendes.org\/wp-content\/uploads\/2026\/03\/WhatsApp-Image-2026-03-09-at-14.54.15.jpeg\",\"articleSection\":[\"Econom\u00eda del bien com\u00fan\"],\"inLanguage\":\"es\",\"potentialAction\":[{\"@type\":\"CommentAction\",\"name\":\"Comment\",\"target\":[\"https:\/\/novessendes.org\/es\/hacemos-red-con-la-economia-social-y-solidaria\/#respond\"]}]},{\"@type\":\"WebPage\",\"@id\":\"https:\/\/novessendes.org\/es\/hacemos-red-con-la-economia-social-y-solidaria\/\",\"url\":\"https:\/\/novessendes.org\/es\/hacemos-red-con-la-economia-social-y-solidaria\/\",\"name\":\"Hacemos red con la econom\u00eda social y solidaria - Novessendes\",\"isPartOf\":{\"@id\":\"https:\/\/novessendes.org\/es\/#website\"},\"primaryImageOfPage\":{\"@id\":\"https:\/\/novessendes.org\/es\/hacemos-red-con-la-economia-social-y-solidaria\/#primaryimage\"},\"image\":{\"@id\":\"https:\/\/novessendes.org\/es\/hacemos-red-con-la-economia-social-y-solidaria\/#primaryimage\"},\"thumbnailUrl\":\"https:\/\/novessendes.org\/wp-content\/uploads\/2026\/03\/WhatsApp-Image-2026-03-09-at-14.54.15.jpeg\",\"datePublished\":\"2026-03-09T14:04:49+00:00\",\"dateModified\":\"2026-03-09T14:11:23+00:00\",\"breadcrumb\":{\"@id\":\"https:\/\/novessendes.org\/es\/hacemos-red-con-la-economia-social-y-solidaria\/#breadcrumb\"},\"inLanguage\":\"es\",\"potentialAction\":[{\"@type\":\"ReadAction\",\"target\":[\"https:\/\/novessendes.org\/es\/hacemos-red-con-la-economia-social-y-solidaria\/\"]}]},{\"@type\":\"ImageObject\",\"inLanguage\":\"es\",\"@id\":\"https:\/\/novessendes.org\/es\/hacemos-red-con-la-economia-social-y-solidaria\/#primaryimage\",\"url\":\"https:\/\/novessendes.org\/wp-content\/uploads\/2026\/03\/WhatsApp-Image-2026-03-09-at-14.54.15.jpeg\",\"contentUrl\":\"https:\/\/novessendes.org\/wp-content\/uploads\/2026\/03\/WhatsApp-Image-2026-03-09-at-14.54.15.jpeg\",\"width\":1536,\"height\":2048},{\"@type\":\"BreadcrumbList\",\"@id\":\"https:\/\/novessendes.org\/es\/hacemos-red-con-la-economia-social-y-solidaria\/#breadcrumb\",\"itemListElement\":[{\"@type\":\"ListItem\",\"position\":1,\"name\":\"Portada\",\"item\":\"https:\/\/novessendes.org\/es\/\"},{\"@type\":\"ListItem\",\"position\":2,\"name\":\"Hacemos red con la econom\u00eda social y solidaria\"}]},{\"@type\":\"WebSite\",\"@id\":\"https:\/\/novessendes.org\/es\/#website\",\"url\":\"https:\/\/novessendes.org\/es\/\",\"name\":\"Novessendes\",\"description\":\"Fundaci\u00f3 c\u00edvica Novessendes per millorar el benestar i progr\u00e9s dels ciutadans\",\"publisher\":{\"@id\":\"https:\/\/novessendes.org\/es\/#organization\"},\"potentialAction\":[{\"@type\":\"SearchAction\",\"target\":{\"@type\":\"EntryPoint\",\"urlTemplate\":\"https:\/\/novessendes.org\/es\/?s={search_term_string}\"},\"query-input\":{\"@type\":\"PropertyValueSpecification\",\"valueRequired\":true,\"valueName\":\"search_term_string\"}}],\"inLanguage\":\"es\"},{\"@type\":\"Organization\",\"@id\":\"https:\/\/novessendes.org\/es\/#organization\",\"name\":\"Novessendes\",\"url\":\"https:\/\/novessendes.org\/es\/\",\"logo\":{\"@type\":\"ImageObject\",\"inLanguage\":\"es\",\"@id\":\"https:\/\/novessendes.org\/es\/#\/schema\/logo\/image\/\",\"url\":\"https:\/\/novessendes.org\/wp-content\/uploads\/2020\/09\/logo-novessendes.png\",\"contentUrl\":\"https:\/\/novessendes.org\/wp-content\/uploads\/2020\/09\/logo-novessendes.png\",\"width\":160,\"height\":80,\"caption\":\"Novessendes\"},\"image\":{\"@id\":\"https:\/\/novessendes.org\/es\/#\/schema\/logo\/image\/\"}},{\"@type\":\"Person\",\"@id\":\"https:\/\/novessendes.org\/es\/#\/schema\/person\/5b688f9bdc96e66d067e94b8675dd027\",\"name\":\"Admin Novessendes\",\"image\":{\"@type\":\"ImageObject\",\"inLanguage\":\"es\",\"@id\":\"https:\/\/novessendes.org\/es\/#\/schema\/person\/image\/\",\"url\":\"https:\/\/secure.gravatar.com\/avatar\/f570170ef07d772c0214ae16f4bd012de5204cd9026ce193e78683d57262b91a?s=96&d=mm&r=g\",\"contentUrl\":\"https:\/\/secure.gravatar.com\/avatar\/f570170ef07d772c0214ae16f4bd012de5204cd9026ce193e78683d57262b91a?s=96&d=mm&r=g\",\"caption\":\"Admin Novessendes\"},\"sameAs\":[\"http:\/\/novessendes.org\"],\"url\":\"https:\/\/novessendes.org\/es\/author\/admin-novessendes\/\"}]}<\/script>\n<!-- \/ Yoast SEO plugin. -->","yoast_head_json":{"title":"Hacemos red con la econom\u00eda social y solidaria - Novessendes","robots":{"index":"index","follow":"follow","max-snippet":"max-snippet:-1","max-image-preview":"max-image-preview:large","max-video-preview":"max-video-preview:-1"},"canonical":"https:\/\/novessendes.org\/es\/hacemos-red-con-la-economia-social-y-solidaria\/","og_locale":"es_ES","og_type":"article","og_title":"Hacemos red con la econom\u00eda social y solidaria - Novessendes","og_description":"El pasado viernes 27 de febrero, el equipo t\u00e9cnico de la Fundaci\u00f3n Novessendes particip\u00f3 en el encuentro de trabajo organizada por la XEAS Pa\u00eds Valenciano, celebrada en el espacio a Andana de Castell\u00f3 de la Plana. La reuni\u00f3n reuni\u00f3 varias entidades miembros de la red con el objetivo de continuar avanzando en el desarrollo de [&hellip;]","og_url":"https:\/\/novessendes.org\/es\/hacemos-red-con-la-economia-social-y-solidaria\/","og_site_name":"Novessendes","article_published_time":"2026-03-09T14:04:49+00:00","article_modified_time":"2026-03-09T14:11:23+00:00","og_image":[{"width":1536,"height":2048,"url":"https:\/\/novessendes.org\/wp-content\/uploads\/2026\/03\/WhatsApp-Image-2026-03-09-at-14.54.15.jpeg","type":"image\/jpeg"}],"author":"Admin Novessendes","twitter_card":"summary_large_image","twitter_misc":{"Escrito por":"Admin Novessendes","Tiempo de lectura":"1 minuto"},"schema":{"@context":"https:\/\/schema.org","@graph":[{"@type":"Article","@id":"https:\/\/novessendes.org\/es\/hacemos-red-con-la-economia-social-y-solidaria\/#article","isPartOf":{"@id":"https:\/\/novessendes.org\/es\/hacemos-red-con-la-economia-social-y-solidaria\/"},"author":{"name":"Admin Novessendes","@id":"https:\/\/novessendes.org\/es\/#\/schema\/person\/5b688f9bdc96e66d067e94b8675dd027"},"headline":"Hacemos red con la econom\u00eda social y solidaria","datePublished":"2026-03-09T14:04:49+00:00","dateModified":"2026-03-09T14:11:23+00:00","mainEntityOfPage":{"@id":"https:\/\/novessendes.org\/es\/hacemos-red-con-la-economia-social-y-solidaria\/"},"wordCount":256,"commentCount":0,"publisher":{"@id":"https:\/\/novessendes.org\/es\/#organization"},"image":{"@id":"https:\/\/novessendes.org\/es\/hacemos-red-con-la-economia-social-y-solidaria\/#primaryimage"},"thumbnailUrl":"https:\/\/novessendes.org\/wp-content\/uploads\/2026\/03\/WhatsApp-Image-2026-03-09-at-14.54.15.jpeg","articleSection":["Econom\u00eda del bien com\u00fan"],"inLanguage":"es","potentialAction":[{"@type":"CommentAction","name":"Comment","target":["https:\/\/novessendes.org\/es\/hacemos-red-con-la-economia-social-y-solidaria\/#respond"]}]},{"@type":"WebPage","@id":"https:\/\/novessendes.org\/es\/hacemos-red-con-la-economia-social-y-solidaria\/","url":"https:\/\/novessendes.org\/es\/hacemos-red-con-la-economia-social-y-solidaria\/","name":"Hacemos red con la econom\u00eda social y solidaria - Novessendes","isPartOf":{"@id":"https:\/\/novessendes.org\/es\/#website"},"primaryImageOfPage":{"@id":"https:\/\/novessendes.org\/es\/hacemos-red-con-la-economia-social-y-solidaria\/#primaryimage"},"image":{"@id":"https:\/\/novessendes.org\/es\/hacemos-red-con-la-economia-social-y-solidaria\/#primaryimage"},"thumbnailUrl":"https:\/\/novessendes.org\/wp-content\/uploads\/2026\/03\/WhatsApp-Image-2026-03-09-at-14.54.15.jpeg","datePublished":"2026-03-09T14:04:49+00:00","dateModified":"2026-03-09T14:11:23+00:00","breadcrumb":{"@id":"https:\/\/novessendes.org\/es\/hacemos-red-con-la-economia-social-y-solidaria\/#breadcrumb"},"inLanguage":"es","potentialAction":[{"@type":"ReadAction","target":["https:\/\/novessendes.org\/es\/hacemos-red-con-la-economia-social-y-solidaria\/"]}]},{"@type":"ImageObject","inLanguage":"es","@id":"https:\/\/novessendes.org\/es\/hacemos-red-con-la-economia-social-y-solidaria\/#primaryimage","url":"https:\/\/novessendes.org\/wp-content\/uploads\/2026\/03\/WhatsApp-Image-2026-03-09-at-14.54.15.jpeg","contentUrl":"https:\/\/novessendes.org\/wp-content\/uploads\/2026\/03\/WhatsApp-Image-2026-03-09-at-14.54.15.jpeg","width":1536,"height":2048},{"@type":"BreadcrumbList","@id":"https:\/\/novessendes.org\/es\/hacemos-red-con-la-economia-social-y-solidaria\/#breadcrumb","itemListElement":[{"@type":"ListItem","position":1,"name":"Portada","item":"https:\/\/novessendes.org\/es\/"},{"@type":"ListItem","position":2,"name":"Hacemos red con la econom\u00eda social y solidaria"}]},{"@type":"WebSite","@id":"https:\/\/novessendes.org\/es\/#website","url":"https:\/\/novessendes.org\/es\/","name":"Novessendes","description":"Fundaci\u00f3 c\u00edvica Novessendes per millorar el benestar i progr\u00e9s dels ciutadans","publisher":{"@id":"https:\/\/novessendes.org\/es\/#organization"},"potentialAction":[{"@type":"SearchAction","target":{"@type":"EntryPoint","urlTemplate":"https:\/\/novessendes.org\/es\/?s={search_term_string}"},"query-input":{"@type":"PropertyValueSpecification","valueRequired":true,"valueName":"search_term_string"}}],"inLanguage":"es"},{"@type":"Organization","@id":"https:\/\/novessendes.org\/es\/#organization","name":"Novessendes","url":"https:\/\/novessendes.org\/es\/","logo":{"@type":"ImageObject","inLanguage":"es","@id":"https:\/\/novessendes.org\/es\/#\/schema\/logo\/image\/","url":"https:\/\/novessendes.org\/wp-content\/uploads\/2020\/09\/logo-novessendes.png","contentUrl":"https:\/\/novessendes.org\/wp-content\/uploads\/2020\/09\/logo-novessendes.png","width":160,"height":80,"caption":"Novessendes"},"image":{"@id":"https:\/\/novessendes.org\/es\/#\/schema\/logo\/image\/"}},{"@type":"Person","@id":"https:\/\/novessendes.org\/es\/#\/schema\/person\/5b688f9bdc96e66d067e94b8675dd027","name":"Admin Novessendes","image":{"@type":"ImageObject","inLanguage":"es","@id":"https:\/\/novessendes.org\/es\/#\/schema\/person\/image\/","url":"https:\/\/secure.gravatar.com\/avatar\/f570170ef07d772c0214ae16f4bd012de5204cd9026ce193e78683d57262b91a?s=96&d=mm&r=g","contentUrl":"https:\/\/secure.gravatar.com\/avatar\/f570170ef07d772c0214ae16f4bd012de5204cd9026ce193e78683d57262b91a?s=96&d=mm&r=g","caption":"Admin Novessendes"},"sameAs":["http:\/\/novessendes.org"],"url":"https:\/\/novessendes.org\/es\/author\/admin-novessendes\/"}]}},"_links":{"self":[{"href":"https:\/\/novessendes.org\/es\/wp-json\/wp\/v2\/posts\/15660","targetHints":{"allow":["GET"]}}],"collection":[{"href":"https:\/\/novessendes.org\/es\/wp-json\/wp\/v2\/posts"}],"about":[{"href":"https:\/\/novessendes.org\/es\/wp-json\/wp\/v2\/types\/post"}],"author":[{"embeddable":true,"href":"https:\/\/novessendes.org\/es\/wp-json\/wp\/v2\/users\/8"}],"replies":[{"embeddable":true,"href":"https:\/\/novessendes.org\/es\/wp-json\/wp\/v2\/comments?post=15660"}],"version-history":[{"count":1,"href":"https:\/\/novessendes.org\/es\/wp-json\/wp\/v2\/posts\/15660\/revisions"}],"predecessor-version":[{"id":15661,"href":"https:\/\/novessendes.org\/es\/wp-json\/wp\/v2\/posts\/15660\/revisions\/15661"}],"wp:featuredmedia":[{"embeddable":true,"href":"https:\/\/novessendes.org\/es\/wp-json\/wp\/v2\/media\/15654"}],"wp:attachment":[{"href":"https:\/\/novessendes.org\/es\/wp-json\/wp\/v2\/media?parent=15660"}],"wp:term":[{"taxonomy":"category","embeddable":true,"href":"https:\/\/novessendes.org\/es\/wp-json\/wp\/v2\/categories?post=15660"},{"taxonomy":"post_tag","embeddable":true,"href":"https:\/\/novessendes.org\/es\/wp-json\/wp\/v2\/tags?post=15660"}],"curies":[{"name":"wp","href":"https:\/\/api.w.org\/{rel}","templated":true}]}}