{"id":15886,"date":"2026-08-11T10:38:59","date_gmt":"2026-08-11T08:38:59","guid":{"rendered":"https:\/\/novessendes.org\/despues-del-incendio-en-la-sierra-de-espadan-que\/"},"modified":"2026-08-11T10:58:59","modified_gmt":"2026-08-11T08:58:59","slug":"despues-del-incendio-en-la-sierra-de-espadan-que","status":"publish","type":"post","link":"https:\/\/novessendes.org\/es\/despues-del-incendio-en-la-sierra-de-espadan-que\/","title":{"rendered":"Despu\u00e9s del incendio en la Sierra de Espad\u00e1n, \u00bfqu\u00e9?"},"content":{"rendered":"\n<p class=\"wp-block-paragraph\"><strong>La funci\u00f3n de una Fundaci\u00f3n Comunitaria como Novessendes<\/strong><\/p>\n\n<p class=\"wp-block-paragraph\">Desde que el pasado 25 de julio se iniciara el incendio, no hemos dejado de pensar: primero, en la evoluci\u00f3n de las llamas, y despu\u00e9s, cu\u00e1l ha de ser nuestro papel. En cuesti\u00f3n de horas, todo a nuestro alrededor era fuego: pueblos desalojados, incertidumbre, desconocimiento, compa\u00f1eras incomunicadas, vecinas confinadas y mucha vida perdida. Ahora, mientras vuelve la calma, sabiendo que nada ser\u00e1 como antes, la preocupaci\u00f3n \u2014por el Parque Natural de la Sierra de Espad\u00e1n y todo aquello que lo rodea, y que forma parte de un mismo paisaje y sus ramificaciones\u2014 es profunda, compartida y dolorosa.  <\/p>\n\n<p class=\"wp-block-paragraph\">Conocemos y reconocemos la historia y la evoluci\u00f3n de esta Sierra de nuestro coraz\u00f3n. Este incendio es una nueva herida que tendremos que atender como es debido. No seremos nosotras las que anuncien ni lideren las medidas de gesti\u00f3n forestal o de recuperaci\u00f3n ambiental t\u00e9cnica, como tampoco hemos atendido t\u00e9cnicamente la emergencia, pero s\u00ed que querremos aportar nuestro granito de arena en esas y otras direcciones. Llegar\u00e1 el tiempo de las semillas, estaremos cuando llegue, y sabemos que la urgencia ahora es proteger el suelo antes de las lluvias torrenciales que vendr\u00e1n \u2014porque vendr\u00e1n\u2014. <strong>Pero nuestro foco siempre ha estado en las personas; nuestra apuesta principal siempre ser\u00e1n las soluciones de tiempos lentos y mirada larga, con el buen hacer y la constancia de la gente del territorio.<\/strong>   <\/p>\n\n<p class=\"wp-block-paragraph\">En este mundo de la inmediatez, del v\u00ednculo ef\u00edmero e instant\u00e1neo, el incendio nos ha recordado brutalmente que<strong> estamos \u00edntimamente ligadas a aquello que nos rodea, y que de su calidad y buen estado, depende nuestra salud y bienestar.<\/strong> El cambio clim\u00e1tico, y este escenario de multicrisis global constante, nos advierten que la vulnerabilidad del territorio es real. Pero la tristeza, el luto y la rabia no nos tienen que paralizar. Despu\u00e9s de vivir en primera persona este incendio, la respuesta de la Fundaci\u00f3n Novessendes se basar\u00e1 en tres ejes de acci\u00f3n principales:   <\/p>\n\n<ul class=\"wp-block-list\">\n<li><strong>Establecer una senda de oportunidad que refuerce nuestra identidad<\/strong>, porque hay que gestionar y reconocer el luto colectivo que ha supuesto la p\u00e9rdida, pero estamos del lado de la esperanza. El fuego ha dejado a cuerpo descubierto el patrimonio de la piedra seca, fundamental para la gesti\u00f3n hidroforestal, la resiliencia y la cultura de nuestros pueblos. Y como eso que contin\u00faa latiendo, bajo la ceniza, la herida tiene que suponer la oportunidad para reconectar con las ra\u00edces y aquello que nos ha sostenido aqu\u00ed durante siglos. Porque el suelo y el agua, a trav\u00e9s del r\u00edo Seco (*Veo) y la rambla de Artana, sue\u00f1o nuestro hilo com\u00fan, aquello que nos conecta con el interior de la Sierra, y con cada uno de los pueblos afectados. Formamos parte de un mismo paisaje, somos la misma cuenca.    <\/li>\n\n\n\n<li><strong>Con m\u00e1s comunidad, participaci\u00f3n y custodia de la tierra<\/strong>. Porque la mejor herramienta contra la degradaci\u00f3n del territorio es siempre una comunidad activa, sensible, formada y respetuosa. Frente a la impaciencia de la acci\u00f3n inmediata, proponemos seguir fortaleciendo el tejido social a trav\u00e9s de la participaci\u00f3n directa, con iniciativas ya conocidas como por ejemplo Activem Betx\u00ed, el VISC!Lab sobre comunes alimentarios, y el agroecosistema del Horta del Rajolar. Seguiremos promoviendo la biodiversidad a trav\u00e9s de un mosaico agroforestal culturalmente activo en Betx\u00ed y en el resto de municipios, mediante la custodia del territorio. Porque consideramos que cuidar la tierra, consumir de proximidad y proteger nuestro entorno, son nuestras mejores herramientas para hacer frente a la emergencia clim\u00e1tica. Sabemos que volver\u00e1n la luz y el verde en nuestras monta\u00f1as, pero queremos seguir acompa\u00f1ando el c\u00f3mo.      <\/li>\n\n\n\n<li>La nuestra fuerza, siempre la red. El hecho de ser una Fundaci\u00f3n Comunitaria refuerza nuestro v\u00ednculo con las personas y entidades que ya ten\u00edamos cerca, y que trataremos de ampliar con todas aquellas que quieran trabajar por la recuperaci\u00f3n de nuestra comarca. Uno de nuestros valores es justo la interconnexi\u00f3n. Somos parte de la RETA (Red Estatal de Espacios de Test Agrario), que cuenta con t\u00e9cnicos especialistas y asesoramientos espec\u00edficos en temas de ganader\u00eda extensiva y gesti\u00f3n forestal por cuando llego el momento. Formamos parte de la RILCC (Red Ib\u00e9rica de Laboratorios de Cultura Comunitaria y Ruralidad), donde hay varias iniciativas que hacen frente y encuentran soluciones en diferentes problem\u00e1ticas de territorios como el nuestro. Y tambi\u00e9n formamos parte del AEF (Asociaci\u00f3n Espa\u00f1ola de Fundaciones), mediante la cual podremos canalizar m\u00e1s recursos, activar la filantrop\u00eda o identificar y atender mejor los retos del futuro.     <\/li>\n<\/ul>\n\n<p class=\"wp-block-paragraph\">Todo, sin perder la mirada larga, porque somos conscientes que el escenario es complejo, pero nuestra tarea ser\u00e1 llegar m\u00e1s lejos, encontrar esas sendas que nos tienen que ayudar a configurar nuevos y mejores escenarios de futuro. Queremos acompa\u00f1ar y hacer posible esa transformaci\u00f3n. A lo largo de nuestros 25 a\u00f1os de trayectoria, hemos defendido que hacer las cosas de otro modo no solo es posible, sino que es absolutamente necesario. No olvidamos que, si algo han demostrado estas monta\u00f1as a lo largo de la historia, es que son un escenario de oportunidad y resistencia inigualable.   <\/p>\n\n<p class=\"wp-block-paragraph\">Aprovechemos este momento tan duro para <strong>atender el postincendio de una manera plural, coordinada, inclusiva y, por encima de todo, en comunidad<\/strong>. Novessendes continuar\u00e1 trabajando de manera constante por la regeneraci\u00f3n y la transformaci\u00f3n ecosocial del territorio, con todo el aprecio que se pueda ofrecer a nuestro hogar: la Sierra de Espad\u00e1n. <\/p>\n\n<p class=\"wp-block-paragraph\"><\/p>\n","protected":false},"excerpt":{"rendered":"<p>La funci\u00f3n de una Fundaci\u00f3n Comunitaria como Novessendes Desde que el pasado 25 de julio se iniciara el incendio, no hemos dejado de pensar: primero, en la evoluci\u00f3n de las llamas, y despu\u00e9s, cu\u00e1l ha de ser nuestro papel. En cuesti\u00f3n de horas, todo a nuestro alrededor era fuego: pueblos desalojados, incertidumbre, desconocimiento, compa\u00f1eras incomunicadas, [&hellip;]<\/p>\n","protected":false},"author":9,"featured_media":15881,"comment_status":"open","ping_status":"open","sticky":true,"template":"","format":"standard","meta":{"give_campaign_id":0,"footnotes":""},"categories":[319,336,320,331,324,317,334,330,332,321],"tags":[337,351,356],"class_list":["post-15886","post","type-post","status-publish","format-standard","has-post-thumbnail","hentry","category-activem-betxi-es","category-espacio-test-agrario-horta-del-rajolar","category-horta-rajolar-es","category-llaurant-un-futur-sostenible-es","category-ods-es","category-participacion-ciutadana","category-red-de-fundaciones-civicas","category-sin-categorizar-es","category-soberania-alimentaria","category-voluntariado","tag-betxi-es","tag-participacion","tag-serradespada"],"yoast_head":"<!-- This site is optimized with the Yoast SEO plugin v27.0 - https:\/\/yoast.com\/product\/yoast-seo-wordpress\/ -->\n<title>Despu\u00e9s del incendio en la Sierra de Espad\u00e1n, \u00bfqu\u00e9? - Novessendes<\/title>\n<meta name=\"robots\" content=\"index, follow, max-snippet:-1, max-image-preview:large, max-video-preview:-1\" \/>\n<link rel=\"canonical\" href=\"https:\/\/novessendes.org\/es\/despues-del-incendio-en-la-sierra-de-espadan-que\/\" \/>\n<meta property=\"og:locale\" content=\"es_ES\" \/>\n<meta property=\"og:type\" content=\"article\" \/>\n<meta property=\"og:title\" content=\"Despu\u00e9s del incendio en la Sierra de Espad\u00e1n, \u00bfqu\u00e9? - Novessendes\" \/>\n<meta property=\"og:description\" content=\"La funci\u00f3n de una Fundaci\u00f3n Comunitaria como Novessendes Desde que el pasado 25 de julio se iniciara el incendio, no hemos dejado de pensar: primero, en la evoluci\u00f3n de las llamas, y despu\u00e9s, cu\u00e1l ha de ser nuestro papel. En cuesti\u00f3n de horas, todo a nuestro alrededor era fuego: pueblos desalojados, incertidumbre, desconocimiento, compa\u00f1eras incomunicadas, [&hellip;]\" \/>\n<meta property=\"og:url\" content=\"https:\/\/novessendes.org\/es\/despues-del-incendio-en-la-sierra-de-espadan-que\/\" \/>\n<meta property=\"og:site_name\" content=\"Novessendes\" \/>\n<meta property=\"article:published_time\" content=\"2026-08-11T08:38:59+00:00\" \/>\n<meta property=\"article:modified_time\" content=\"2026-08-11T08:58:59+00:00\" \/>\n<meta property=\"og:image\" content=\"https:\/\/novessendes.org\/wp-content\/uploads\/2026\/08\/9d8d16ec-3824-498b-93dc-a82b05ec83aa-1.jpg\" \/>\n\t<meta property=\"og:image:width\" content=\"2028\" \/>\n\t<meta property=\"og:image:height\" content=\"936\" \/>\n\t<meta property=\"og:image:type\" content=\"image\/jpeg\" \/>\n<meta name=\"author\" content=\"Jaume Puchalt Lacal\" \/>\n<meta name=\"twitter:card\" content=\"summary_large_image\" \/>\n<meta name=\"twitter:label1\" content=\"Escrito por\" \/>\n\t<meta name=\"twitter:data1\" content=\"Jaume Puchalt Lacal\" \/>\n\t<meta name=\"twitter:label2\" content=\"Tiempo de lectura\" \/>\n\t<meta name=\"twitter:data2\" content=\"5 minutos\" \/>\n<script type=\"application\/ld+json\" class=\"yoast-schema-graph\">{\"@context\":\"https:\/\/schema.org\",\"@graph\":[{\"@type\":\"Article\",\"@id\":\"https:\/\/novessendes.org\/es\/despues-del-incendio-en-la-sierra-de-espadan-que\/#article\",\"isPartOf\":{\"@id\":\"https:\/\/novessendes.org\/es\/despues-del-incendio-en-la-sierra-de-espadan-que\/\"},\"author\":{\"name\":\"Jaume Puchalt Lacal\",\"@id\":\"https:\/\/novessendes.org\/es\/#\/schema\/person\/f20cef3ec028d977a9ac164f2c880dfc\"},\"headline\":\"Despu\u00e9s del incendio en la Sierra de Espad\u00e1n, \u00bfqu\u00e9?\",\"datePublished\":\"2026-08-11T08:38:59+00:00\",\"dateModified\":\"2026-08-11T08:58:59+00:00\",\"mainEntityOfPage\":{\"@id\":\"https:\/\/novessendes.org\/es\/despues-del-incendio-en-la-sierra-de-espadan-que\/\"},\"wordCount\":966,\"commentCount\":0,\"publisher\":{\"@id\":\"https:\/\/novessendes.org\/es\/#organization\"},\"image\":{\"@id\":\"https:\/\/novessendes.org\/es\/despues-del-incendio-en-la-sierra-de-espadan-que\/#primaryimage\"},\"thumbnailUrl\":\"https:\/\/novessendes.org\/wp-content\/uploads\/2026\/08\/9d8d16ec-3824-498b-93dc-a82b05ec83aa-1.jpg\",\"keywords\":[\"Betx\u00ed\",\"participaci\u00f3n\",\"serradespad\u00e0\"],\"articleSection\":[\"Activem Betx\u00ed\",\"Espacio Test Agrario Horta del Rajolar\",\"Horta Rajolar\",\"Llaurant un futur sostenible\",\"ODS\",\"Participaci\u00f3n ciutadana\",\"Red de fundaciones c\u00edvicas\",\"Sin categorizar\",\"Soberan\u00eda Alimentaria\",\"Voluntariado\"],\"inLanguage\":\"es\",\"potentialAction\":[{\"@type\":\"CommentAction\",\"name\":\"Comment\",\"target\":[\"https:\/\/novessendes.org\/es\/despues-del-incendio-en-la-sierra-de-espadan-que\/#respond\"]}]},{\"@type\":\"WebPage\",\"@id\":\"https:\/\/novessendes.org\/es\/despues-del-incendio-en-la-sierra-de-espadan-que\/\",\"url\":\"https:\/\/novessendes.org\/es\/despues-del-incendio-en-la-sierra-de-espadan-que\/\",\"name\":\"Despu\u00e9s del incendio en la Sierra de Espad\u00e1n, \u00bfqu\u00e9? - Novessendes\",\"isPartOf\":{\"@id\":\"https:\/\/novessendes.org\/es\/#website\"},\"primaryImageOfPage\":{\"@id\":\"https:\/\/novessendes.org\/es\/despues-del-incendio-en-la-sierra-de-espadan-que\/#primaryimage\"},\"image\":{\"@id\":\"https:\/\/novessendes.org\/es\/despues-del-incendio-en-la-sierra-de-espadan-que\/#primaryimage\"},\"thumbnailUrl\":\"https:\/\/novessendes.org\/wp-content\/uploads\/2026\/08\/9d8d16ec-3824-498b-93dc-a82b05ec83aa-1.jpg\",\"datePublished\":\"2026-08-11T08:38:59+00:00\",\"dateModified\":\"2026-08-11T08:58:59+00:00\",\"breadcrumb\":{\"@id\":\"https:\/\/novessendes.org\/es\/despues-del-incendio-en-la-sierra-de-espadan-que\/#breadcrumb\"},\"inLanguage\":\"es\",\"potentialAction\":[{\"@type\":\"ReadAction\",\"target\":[\"https:\/\/novessendes.org\/es\/despues-del-incendio-en-la-sierra-de-espadan-que\/\"]}]},{\"@type\":\"ImageObject\",\"inLanguage\":\"es\",\"@id\":\"https:\/\/novessendes.org\/es\/despues-del-incendio-en-la-sierra-de-espadan-que\/#primaryimage\",\"url\":\"https:\/\/novessendes.org\/wp-content\/uploads\/2026\/08\/9d8d16ec-3824-498b-93dc-a82b05ec83aa-1.jpg\",\"contentUrl\":\"https:\/\/novessendes.org\/wp-content\/uploads\/2026\/08\/9d8d16ec-3824-498b-93dc-a82b05ec83aa-1.jpg\",\"width\":2028,\"height\":936},{\"@type\":\"BreadcrumbList\",\"@id\":\"https:\/\/novessendes.org\/es\/despues-del-incendio-en-la-sierra-de-espadan-que\/#breadcrumb\",\"itemListElement\":[{\"@type\":\"ListItem\",\"position\":1,\"name\":\"Portada\",\"item\":\"https:\/\/novessendes.org\/es\/\"},{\"@type\":\"ListItem\",\"position\":2,\"name\":\"Despu\u00e9s del incendio en la Sierra de Espad\u00e1n, \u00bfqu\u00e9?\"}]},{\"@type\":\"WebSite\",\"@id\":\"https:\/\/novessendes.org\/es\/#website\",\"url\":\"https:\/\/novessendes.org\/es\/\",\"name\":\"Novessendes\",\"description\":\"Fundaci\u00f3 c\u00edvica Novessendes per millorar el benestar i progr\u00e9s dels ciutadans\",\"publisher\":{\"@id\":\"https:\/\/novessendes.org\/es\/#organization\"},\"potentialAction\":[{\"@type\":\"SearchAction\",\"target\":{\"@type\":\"EntryPoint\",\"urlTemplate\":\"https:\/\/novessendes.org\/es\/?s={search_term_string}\"},\"query-input\":{\"@type\":\"PropertyValueSpecification\",\"valueRequired\":true,\"valueName\":\"search_term_string\"}}],\"inLanguage\":\"es\"},{\"@type\":\"Organization\",\"@id\":\"https:\/\/novessendes.org\/es\/#organization\",\"name\":\"Novessendes\",\"url\":\"https:\/\/novessendes.org\/es\/\",\"logo\":{\"@type\":\"ImageObject\",\"inLanguage\":\"es\",\"@id\":\"https:\/\/novessendes.org\/es\/#\/schema\/logo\/image\/\",\"url\":\"https:\/\/novessendes.org\/wp-content\/uploads\/2020\/09\/logo-novessendes.png\",\"contentUrl\":\"https:\/\/novessendes.org\/wp-content\/uploads\/2020\/09\/logo-novessendes.png\",\"width\":160,\"height\":80,\"caption\":\"Novessendes\"},\"image\":{\"@id\":\"https:\/\/novessendes.org\/es\/#\/schema\/logo\/image\/\"}},{\"@type\":\"Person\",\"@id\":\"https:\/\/novessendes.org\/es\/#\/schema\/person\/f20cef3ec028d977a9ac164f2c880dfc\",\"name\":\"Jaume Puchalt Lacal\",\"image\":{\"@type\":\"ImageObject\",\"inLanguage\":\"es\",\"@id\":\"https:\/\/novessendes.org\/es\/#\/schema\/person\/image\/\",\"url\":\"https:\/\/secure.gravatar.com\/avatar\/aee6fd6934986158dc84cd7d02c675e6ebfede0cc53138987dcee6d02890505a?s=96&d=mm&r=g\",\"contentUrl\":\"https:\/\/secure.gravatar.com\/avatar\/aee6fd6934986158dc84cd7d02c675e6ebfede0cc53138987dcee6d02890505a?s=96&d=mm&r=g\",\"caption\":\"Jaume Puchalt Lacal\"},\"url\":\"https:\/\/novessendes.org\/es\/author\/jaume-puchalt-lacal\/\"}]}<\/script>\n<!-- \/ Yoast SEO plugin. -->","yoast_head_json":{"title":"Despu\u00e9s del incendio en la Sierra de Espad\u00e1n, \u00bfqu\u00e9? - Novessendes","robots":{"index":"index","follow":"follow","max-snippet":"max-snippet:-1","max-image-preview":"max-image-preview:large","max-video-preview":"max-video-preview:-1"},"canonical":"https:\/\/novessendes.org\/es\/despues-del-incendio-en-la-sierra-de-espadan-que\/","og_locale":"es_ES","og_type":"article","og_title":"Despu\u00e9s del incendio en la Sierra de Espad\u00e1n, \u00bfqu\u00e9? - Novessendes","og_description":"La funci\u00f3n de una Fundaci\u00f3n Comunitaria como Novessendes Desde que el pasado 25 de julio se iniciara el incendio, no hemos dejado de pensar: primero, en la evoluci\u00f3n de las llamas, y despu\u00e9s, cu\u00e1l ha de ser nuestro papel. En cuesti\u00f3n de horas, todo a nuestro alrededor era fuego: pueblos desalojados, incertidumbre, desconocimiento, compa\u00f1eras incomunicadas, [&hellip;]","og_url":"https:\/\/novessendes.org\/es\/despues-del-incendio-en-la-sierra-de-espadan-que\/","og_site_name":"Novessendes","article_published_time":"2026-08-11T08:38:59+00:00","article_modified_time":"2026-08-11T08:58:59+00:00","og_image":[{"width":2028,"height":936,"url":"https:\/\/novessendes.org\/wp-content\/uploads\/2026\/08\/9d8d16ec-3824-498b-93dc-a82b05ec83aa-1.jpg","type":"image\/jpeg"}],"author":"Jaume Puchalt Lacal","twitter_card":"summary_large_image","twitter_misc":{"Escrito por":"Jaume Puchalt Lacal","Tiempo de lectura":"5 minutos"},"schema":{"@context":"https:\/\/schema.org","@graph":[{"@type":"Article","@id":"https:\/\/novessendes.org\/es\/despues-del-incendio-en-la-sierra-de-espadan-que\/#article","isPartOf":{"@id":"https:\/\/novessendes.org\/es\/despues-del-incendio-en-la-sierra-de-espadan-que\/"},"author":{"name":"Jaume Puchalt Lacal","@id":"https:\/\/novessendes.org\/es\/#\/schema\/person\/f20cef3ec028d977a9ac164f2c880dfc"},"headline":"Despu\u00e9s del incendio en la Sierra de Espad\u00e1n, \u00bfqu\u00e9?","datePublished":"2026-08-11T08:38:59+00:00","dateModified":"2026-08-11T08:58:59+00:00","mainEntityOfPage":{"@id":"https:\/\/novessendes.org\/es\/despues-del-incendio-en-la-sierra-de-espadan-que\/"},"wordCount":966,"commentCount":0,"publisher":{"@id":"https:\/\/novessendes.org\/es\/#organization"},"image":{"@id":"https:\/\/novessendes.org\/es\/despues-del-incendio-en-la-sierra-de-espadan-que\/#primaryimage"},"thumbnailUrl":"https:\/\/novessendes.org\/wp-content\/uploads\/2026\/08\/9d8d16ec-3824-498b-93dc-a82b05ec83aa-1.jpg","keywords":["Betx\u00ed","participaci\u00f3n","serradespad\u00e0"],"articleSection":["Activem Betx\u00ed","Espacio Test Agrario Horta del Rajolar","Horta Rajolar","Llaurant un futur sostenible","ODS","Participaci\u00f3n ciutadana","Red de fundaciones c\u00edvicas","Sin categorizar","Soberan\u00eda Alimentaria","Voluntariado"],"inLanguage":"es","potentialAction":[{"@type":"CommentAction","name":"Comment","target":["https:\/\/novessendes.org\/es\/despues-del-incendio-en-la-sierra-de-espadan-que\/#respond"]}]},{"@type":"WebPage","@id":"https:\/\/novessendes.org\/es\/despues-del-incendio-en-la-sierra-de-espadan-que\/","url":"https:\/\/novessendes.org\/es\/despues-del-incendio-en-la-sierra-de-espadan-que\/","name":"Despu\u00e9s del incendio en la Sierra de Espad\u00e1n, \u00bfqu\u00e9? - Novessendes","isPartOf":{"@id":"https:\/\/novessendes.org\/es\/#website"},"primaryImageOfPage":{"@id":"https:\/\/novessendes.org\/es\/despues-del-incendio-en-la-sierra-de-espadan-que\/#primaryimage"},"image":{"@id":"https:\/\/novessendes.org\/es\/despues-del-incendio-en-la-sierra-de-espadan-que\/#primaryimage"},"thumbnailUrl":"https:\/\/novessendes.org\/wp-content\/uploads\/2026\/08\/9d8d16ec-3824-498b-93dc-a82b05ec83aa-1.jpg","datePublished":"2026-08-11T08:38:59+00:00","dateModified":"2026-08-11T08:58:59+00:00","breadcrumb":{"@id":"https:\/\/novessendes.org\/es\/despues-del-incendio-en-la-sierra-de-espadan-que\/#breadcrumb"},"inLanguage":"es","potentialAction":[{"@type":"ReadAction","target":["https:\/\/novessendes.org\/es\/despues-del-incendio-en-la-sierra-de-espadan-que\/"]}]},{"@type":"ImageObject","inLanguage":"es","@id":"https:\/\/novessendes.org\/es\/despues-del-incendio-en-la-sierra-de-espadan-que\/#primaryimage","url":"https:\/\/novessendes.org\/wp-content\/uploads\/2026\/08\/9d8d16ec-3824-498b-93dc-a82b05ec83aa-1.jpg","contentUrl":"https:\/\/novessendes.org\/wp-content\/uploads\/2026\/08\/9d8d16ec-3824-498b-93dc-a82b05ec83aa-1.jpg","width":2028,"height":936},{"@type":"BreadcrumbList","@id":"https:\/\/novessendes.org\/es\/despues-del-incendio-en-la-sierra-de-espadan-que\/#breadcrumb","itemListElement":[{"@type":"ListItem","position":1,"name":"Portada","item":"https:\/\/novessendes.org\/es\/"},{"@type":"ListItem","position":2,"name":"Despu\u00e9s del incendio en la Sierra de Espad\u00e1n, \u00bfqu\u00e9?"}]},{"@type":"WebSite","@id":"https:\/\/novessendes.org\/es\/#website","url":"https:\/\/novessendes.org\/es\/","name":"Novessendes","description":"Fundaci\u00f3 c\u00edvica Novessendes per millorar el benestar i progr\u00e9s dels ciutadans","publisher":{"@id":"https:\/\/novessendes.org\/es\/#organization"},"potentialAction":[{"@type":"SearchAction","target":{"@type":"EntryPoint","urlTemplate":"https:\/\/novessendes.org\/es\/?s={search_term_string}"},"query-input":{"@type":"PropertyValueSpecification","valueRequired":true,"valueName":"search_term_string"}}],"inLanguage":"es"},{"@type":"Organization","@id":"https:\/\/novessendes.org\/es\/#organization","name":"Novessendes","url":"https:\/\/novessendes.org\/es\/","logo":{"@type":"ImageObject","inLanguage":"es","@id":"https:\/\/novessendes.org\/es\/#\/schema\/logo\/image\/","url":"https:\/\/novessendes.org\/wp-content\/uploads\/2020\/09\/logo-novessendes.png","contentUrl":"https:\/\/novessendes.org\/wp-content\/uploads\/2020\/09\/logo-novessendes.png","width":160,"height":80,"caption":"Novessendes"},"image":{"@id":"https:\/\/novessendes.org\/es\/#\/schema\/logo\/image\/"}},{"@type":"Person","@id":"https:\/\/novessendes.org\/es\/#\/schema\/person\/f20cef3ec028d977a9ac164f2c880dfc","name":"Jaume Puchalt Lacal","image":{"@type":"ImageObject","inLanguage":"es","@id":"https:\/\/novessendes.org\/es\/#\/schema\/person\/image\/","url":"https:\/\/secure.gravatar.com\/avatar\/aee6fd6934986158dc84cd7d02c675e6ebfede0cc53138987dcee6d02890505a?s=96&d=mm&r=g","contentUrl":"https:\/\/secure.gravatar.com\/avatar\/aee6fd6934986158dc84cd7d02c675e6ebfede0cc53138987dcee6d02890505a?s=96&d=mm&r=g","caption":"Jaume Puchalt Lacal"},"url":"https:\/\/novessendes.org\/es\/author\/jaume-puchalt-lacal\/"}]}},"_links":{"self":[{"href":"https:\/\/novessendes.org\/es\/wp-json\/wp\/v2\/posts\/15886","targetHints":{"allow":["GET"]}}],"collection":[{"href":"https:\/\/novessendes.org\/es\/wp-json\/wp\/v2\/posts"}],"about":[{"href":"https:\/\/novessendes.org\/es\/wp-json\/wp\/v2\/types\/post"}],"author":[{"embeddable":true,"href":"https:\/\/novessendes.org\/es\/wp-json\/wp\/v2\/users\/9"}],"replies":[{"embeddable":true,"href":"https:\/\/novessendes.org\/es\/wp-json\/wp\/v2\/comments?post=15886"}],"version-history":[{"count":1,"href":"https:\/\/novessendes.org\/es\/wp-json\/wp\/v2\/posts\/15886\/revisions"}],"predecessor-version":[{"id":15887,"href":"https:\/\/novessendes.org\/es\/wp-json\/wp\/v2\/posts\/15886\/revisions\/15887"}],"wp:featuredmedia":[{"embeddable":true,"href":"https:\/\/novessendes.org\/es\/wp-json\/wp\/v2\/media\/15881"}],"wp:attachment":[{"href":"https:\/\/novessendes.org\/es\/wp-json\/wp\/v2\/media?parent=15886"}],"wp:term":[{"taxonomy":"category","embeddable":true,"href":"https:\/\/novessendes.org\/es\/wp-json\/wp\/v2\/categories?post=15886"},{"taxonomy":"post_tag","embeddable":true,"href":"https:\/\/novessendes.org\/es\/wp-json\/wp\/v2\/tags?post=15886"}],"curies":[{"name":"wp","href":"https:\/\/api.w.org\/{rel}","templated":true}]}}